{"id":5725,"date":"2023-12-31T20:16:27","date_gmt":"2023-12-31T20:16:27","guid":{"rendered":"http:\/\/lavereda.com.mx\/?p=5725"},"modified":"2023-12-31T20:17:15","modified_gmt":"2023-12-31T20:17:15","slug":"vivir-en-la-anoranza","status":"publish","type":"post","link":"https:\/\/lavereda.com.mx\/index.php\/2023\/12\/31\/vivir-en-la-anoranza\/","title":{"rendered":"\u00bfVivir en la a\u00f1oranza?"},"content":{"rendered":"\n<p>Cada vez que paso caminando por la academia de danza cerca de mi colonia, me invade la nostalgia. A veces solo suspiro.<\/p>\n\n\n\n<p>Y entonces me pregunto \u00bfse puede vivir en la a\u00f1oranza?<\/p>\n\n\n\n<p>La vida adulta est\u00e1 resuelta para cumplir con lo indispensable: trabajo, pendientes y organizaci\u00f3n dom\u00e9stica. El tr\u00e1fico y un ritmo vertiginoso, deja poco espacio para disfrutar, si quiera, el atardecer \u00e1mbar que todav\u00eda podemos gozar en esta ciudad o el olor a caf\u00e9 en la ma\u00f1ana.<\/p>\n\n\n\n<p>Los peque\u00f1os placeres que anta\u00f1o lo eran todo: bailar, leer, largas caminatas, escribir, tomar caf\u00e9 y platicar hasta tarde por tel\u00e9fono con los amigos en la distancia, se fueron reduciendo cada vez m\u00e1s.<\/p>\n\n\n\n<p>De pronto record\u00e9 que hace un a\u00f1o, cuando trabajaba vaciando datos en hojas de excel en aquella oficina de gobierno, pas\u00e9 caminando por el caf\u00e9 de al lado, vi a una joven en tenis y falda tomando un caf\u00e9 apacible y leyendo. Tambi\u00e9n dese\u00e9 ser ella.<\/p>\n\n\n\n<p>He deseado muchas cosas este a\u00f1o y el anterior tambi\u00e9n. Recuerdo que este a\u00f1o me cambi\u00e9 de trabajo dos veces siguiendo la l\u00ednea de la a\u00f1orada aventura. Porque, en efecto ya no hago hojas de excel, ahora informo, redacto y hasta he hablado en la televisi\u00f3n en vivo.<\/p>\n\n\n\n<p>Consegu\u00ed volver a sentir adrenalina en el trabajo despu\u00e9s de mucho tiempo.<\/p>\n\n\n\n<p>Mis finanzas no dan el ancho, hago menos ejercicio, camino y leo menos. Tampoco he bailado. Vuelvo a pasar por la academia de danza y en los salones otra vez escucho los pasos en la duela.<\/p>\n\n\n\n<p>Me repongo de la nostalgia que me atrapa de repente y pienso otra vez: \u00bfse puede vivir todo el tiempo en la a\u00f1oranza? \u00bftodos los sue\u00f1os se pueden cumplir, a pesar de que el tiempo apremia, el fr\u00edo quema, el miedo duele?<\/p>\n\n\n\n<p>En 2024, ojal\u00e1 podamos encontrar esos recovecos en el tiempo para asomarse a aquellas a\u00f1oranzas, perdidas en el tiempo.<\/p>\n\n\n\n<p>As\u00ed sea.<\/p>\n\n\n\n<p><em><strong>31 de diciembre de 2023<\/strong><\/em><\/p>\n\n\n\n<p><em>Twitter: @Lavargasadri<\/em><\/p>\n","protected":false},"excerpt":{"rendered":"<p>Cada vez que paso caminando por la academia de danza cerca de mi colonia, me invade la nostalgia. A veces solo suspiro. Y entonces me pregunto \u00bfse puede vivir en &hellip; <a href=\"https:\/\/lavereda.com.mx\/index.php\/2023\/12\/31\/vivir-en-la-anoranza\/\" class=\"more-link\">Leer m\u00e1s<\/a><\/p>\n","protected":false},"author":9,"featured_media":5727,"comment_status":"open","ping_status":"open","sticky":false,"template":"","format":"standard","meta":{"footnotes":""},"categories":[18,9],"tags":[],"class_list":["post-5725","post","type-post","status-publish","format-standard","has-post-thumbnail","hentry","category-lomasrelevante","category-opinion","entry"],"_links":{"self":[{"href":"https:\/\/lavereda.com.mx\/index.php\/wp-json\/wp\/v2\/posts\/5725","targetHints":{"allow":["GET"]}}],"collection":[{"href":"https:\/\/lavereda.com.mx\/index.php\/wp-json\/wp\/v2\/posts"}],"about":[{"href":"https:\/\/lavereda.com.mx\/index.php\/wp-json\/wp\/v2\/types\/post"}],"author":[{"embeddable":true,"href":"https:\/\/lavereda.com.mx\/index.php\/wp-json\/wp\/v2\/users\/9"}],"replies":[{"embeddable":true,"href":"https:\/\/lavereda.com.mx\/index.php\/wp-json\/wp\/v2\/comments?post=5725"}],"version-history":[{"count":1,"href":"https:\/\/lavereda.com.mx\/index.php\/wp-json\/wp\/v2\/posts\/5725\/revisions"}],"predecessor-version":[{"id":5726,"href":"https:\/\/lavereda.com.mx\/index.php\/wp-json\/wp\/v2\/posts\/5725\/revisions\/5726"}],"wp:featuredmedia":[{"embeddable":true,"href":"https:\/\/lavereda.com.mx\/index.php\/wp-json\/wp\/v2\/media\/5727"}],"wp:attachment":[{"href":"https:\/\/lavereda.com.mx\/index.php\/wp-json\/wp\/v2\/media?parent=5725"}],"wp:term":[{"taxonomy":"category","embeddable":true,"href":"https:\/\/lavereda.com.mx\/index.php\/wp-json\/wp\/v2\/categories?post=5725"},{"taxonomy":"post_tag","embeddable":true,"href":"https:\/\/lavereda.com.mx\/index.php\/wp-json\/wp\/v2\/tags?post=5725"}],"curies":[{"name":"wp","href":"https:\/\/api.w.org\/{rel}","templated":true}]}}