{"id":5718,"date":"2023-12-30T00:00:12","date_gmt":"2023-12-30T00:00:12","guid":{"rendered":"http:\/\/lavereda.com.mx\/?p=5718"},"modified":"2023-12-30T00:00:13","modified_gmt":"2023-12-30T00:00:13","slug":"el-justiciero-capitulo-final","status":"publish","type":"post","link":"https:\/\/lavereda.com.mx\/index.php\/2023\/12\/30\/el-justiciero-capitulo-final\/","title":{"rendered":"El Justiciero: cap\u00edtulo final"},"content":{"rendered":"\n<p><strong>The Equalizer 3, 2023<\/strong><\/p>\n\n\n\n<p><strong>Prime Video<\/strong><\/p>\n\n\n\n<p>Robert McCall (Denzel Washington) se encuentra retirado en la id\u00edlica campi\u00f1a italiana.<\/p>\n\n\n\n<p>Nadie sabe que es un ex sanguinario agente secreto que durante a\u00f1os cometi\u00f3 atrocidades para el Gobierno de su pa\u00eds. Alcanzado por los remordimientos anda por la vida buscando justicia.<\/p>\n\n\n\n<p>En realidad, lo que quiere es mantenerse alejado de los problemas.<\/p>\n\n\n\n<p>Pero la violencia lo llama de nuevo.<\/p>\n\n\n\n<p>Mientras se encuentra descansando se da cuenta de que los pobladores de la villa donde vive, son asediados por un mat\u00f3n desalmado y su pandilla de gamberros que los extorsionan y amenazan.<\/p>\n\n\n\n<p>McCall tendr\u00e1 que tomar, una vez m\u00e1s, la justicia en sus manos.<\/p>\n\n\n\n<p>La cinta es ultraviolenta, aunque los malvados pagan por sus fechor\u00edas.<\/p>\n\n\n\n<p>Es complaciente y, se supone, la \u00faltima de la franquicia en cine.<\/p>\n\n\n\n<p>Para pasar un rato de buena diversi\u00f3n.<\/p>\n\n\n\n<p>(PG-13. Orientaci\u00f3n de los padres a menores de 13 a\u00f1os)<\/p>\n\n\n\n<p>@LucianoCamposG<\/p>\n\n\n\n<figure class=\"wp-block-embed is-type-video is-provider-youtube wp-block-embed-youtube wp-embed-aspect-16-9 wp-has-aspect-ratio\"><div class=\"wp-block-embed__wrapper\">\n<iframe title=\"El Justiciero: Cap\u00edtulo Final - Tr\u00e1iler Oficial\" width=\"1170\" height=\"658\" src=\"https:\/\/www.youtube.com\/embed\/iZIxAvKSYac?feature=oembed\" frameborder=\"0\" allow=\"accelerometer; autoplay; clipboard-write; encrypted-media; gyroscope; picture-in-picture; web-share\" allowfullscreen><\/iframe>\n<\/div><\/figure>\n","protected":false},"excerpt":{"rendered":"<p>The Equalizer 3, 2023 Prime Video Robert McCall (Denzel Washington) se encuentra retirado en la id\u00edlica campi\u00f1a italiana. Nadie sabe que es un ex sanguinario agente secreto que durante a\u00f1os &hellip; <a href=\"https:\/\/lavereda.com.mx\/index.php\/2023\/12\/30\/el-justiciero-capitulo-final\/\" class=\"more-link\">Leer m\u00e1s<\/a><\/p>\n","protected":false},"author":3,"featured_media":5719,"comment_status":"open","ping_status":"open","sticky":false,"template":"","format":"standard","meta":{"footnotes":""},"categories":[6,7,18],"tags":[],"class_list":["post-5718","post","type-post","status-publish","format-standard","has-post-thumbnail","hentry","category-cinetv","category-entretenimiento","category-lomasrelevante","entry"],"_links":{"self":[{"href":"https:\/\/lavereda.com.mx\/index.php\/wp-json\/wp\/v2\/posts\/5718","targetHints":{"allow":["GET"]}}],"collection":[{"href":"https:\/\/lavereda.com.mx\/index.php\/wp-json\/wp\/v2\/posts"}],"about":[{"href":"https:\/\/lavereda.com.mx\/index.php\/wp-json\/wp\/v2\/types\/post"}],"author":[{"embeddable":true,"href":"https:\/\/lavereda.com.mx\/index.php\/wp-json\/wp\/v2\/users\/3"}],"replies":[{"embeddable":true,"href":"https:\/\/lavereda.com.mx\/index.php\/wp-json\/wp\/v2\/comments?post=5718"}],"version-history":[{"count":1,"href":"https:\/\/lavereda.com.mx\/index.php\/wp-json\/wp\/v2\/posts\/5718\/revisions"}],"predecessor-version":[{"id":5720,"href":"https:\/\/lavereda.com.mx\/index.php\/wp-json\/wp\/v2\/posts\/5718\/revisions\/5720"}],"wp:featuredmedia":[{"embeddable":true,"href":"https:\/\/lavereda.com.mx\/index.php\/wp-json\/wp\/v2\/media\/5719"}],"wp:attachment":[{"href":"https:\/\/lavereda.com.mx\/index.php\/wp-json\/wp\/v2\/media?parent=5718"}],"wp:term":[{"taxonomy":"category","embeddable":true,"href":"https:\/\/lavereda.com.mx\/index.php\/wp-json\/wp\/v2\/categories?post=5718"},{"taxonomy":"post_tag","embeddable":true,"href":"https:\/\/lavereda.com.mx\/index.php\/wp-json\/wp\/v2\/tags?post=5718"}],"curies":[{"name":"wp","href":"https:\/\/api.w.org\/{rel}","templated":true}]}}