{"id":5701,"date":"2023-12-22T01:17:25","date_gmt":"2023-12-22T01:17:25","guid":{"rendered":"http:\/\/lavereda.com.mx\/?p=5701"},"modified":"2023-12-22T01:17:26","modified_gmt":"2023-12-22T01:17:26","slug":"cristina-pacheco-pieza-clave-para-entender-la-cultura-en-mexico","status":"publish","type":"post","link":"https:\/\/lavereda.com.mx\/index.php\/2023\/12\/22\/cristina-pacheco-pieza-clave-para-entender-la-cultura-en-mexico\/","title":{"rendered":"Cristina Pacheco: pieza clave para entender la cultura en M\u00e9xico"},"content":{"rendered":"\n<p>La Secretar\u00eda de Cultura de M\u00e9xico y el Instituto Nacional de Bellas Artes y Literatura (Inbal) expresaron sus condolencias por el deceso de la periodista, ensayista y narradora Cristina Pacheco.<\/p>\n\n\n\n<p>Al conocer el deceso de la tambi\u00e9n narradora, locutora y presentadora de televisi\u00f3n, la Secretar\u00eda de Cultura del Gobierno de M\u00e9xico lament\u00f3 el sensible fallecimiento y reconoci\u00f3 \u201clas ic\u00f3nicas producciones de Canal Once TV que guardan su figura en la memoria colectiva del pa\u00eds y en el coraz\u00f3n de las y los mexicanos\u201d.<\/p>\n\n\n\n<p>Asimismo, destac\u00f3: \u201cColabor\u00f3 en m\u00faltiples peri\u00f3dicos y revistas, como La Jornada, El Universal, Exc\u00e9lsior y Unom\u00e1suno; fue jefa de redacci\u00f3n de la Revista de la Universidad de M\u00e9xico; y fue titular de programas radiof\u00f3nicos de Radio Centro, XEW, Radiof\u00f3rmula y Radio Capital. Adem\u00e1s, condujo los programas&nbsp;<em>Conversando<\/em>&nbsp;y&nbsp;<em>Aqu\u00ed nos toc\u00f3 vivir<\/em>\u00ab.<\/p>\n\n\n\n<p>Por su parte, el Instituto Nacional de Bellas Artes y Literatura extern\u00f3 su solidaridad a Laura Emilia y a Cecilia Pacheco, y agreg\u00f3: \u201cCon gran tristeza, lamentamos el deceso de la periodista y escritora mexicana Cristina Pacheco, quien, con su narrativa imprescindible, nos llev\u00f3 a conocer el M\u00e9xico cultural y social a trav\u00e9s de sus reportajes y cr\u00f3nicas del pa\u00eds que&nbsp;<em>Aqu\u00ed nos toc\u00f3 vivir<\/em>.<\/p>\n\n\n\n<p>Cristina Pacheco es considerada una pieza clave para entender la cultura mexicana de finales del XX y del presente siglo con su programa&nbsp;<em>Aqu\u00ed nos toc\u00f3 vivir,<\/em>&nbsp;y su columna&nbsp;<em>Mar de historias,<\/em>&nbsp;publicada durante m\u00e1s de tres d\u00e9cadas en el diario La Jornada, en donde reflejaba el acontecer diario de las personas que habitan la ciudad.<\/p>\n\n\n\n<p>Promotora cultural incansable, Cristina Pacheco dedic\u00f3 un programa especial al Palacio de Bellas Artes en el marco de su 85 aniversario (<a href=\"https:\/\/www.facebook.com\/watch\/?v=2478927125706074\" target=\"_blank\" rel=\"noreferrer noopener\">https:\/\/www.facebook.com\/watch\/?v=2478927125706074<\/a>), quien adem\u00e1s el 7 de diciembre de 2022, recibi\u00f3 el Premio Bellas Artes de Literatura&nbsp;<em>In\u00e9s Arredondo,<\/em>&nbsp;en una ceremonia llevada a cabo en la Sala&nbsp;<em>Manuel M. Ponce<\/em>&nbsp;del Palacio de Bellas Artes.<\/p>\n\n\n\n<p>Entre otros galardones recibi\u00f3 el Premio Nacional de Periodismo 1985 por entrevista, en 1986 por mejor programa de servicio a la comunidad y en 1987 por cr\u00f3nica. En 1988 obtuvo el Premio de la Federaci\u00f3n Latinoamericana de Periodistas (Felap) por labor informativa, el Premio\u00a0<em>Manuel Buend\u00eda<\/em>\u00a01992, el Premio\u00a0<em>Rosario Castellanos<\/em>\u00a01996, el Premio de Periodismo\u00a0<em>Fernando Ben\u00edtez<\/em>\u00a02000, otorgado por la Universidad de Guadalajara; la Medalla al M\u00e9rito Ciudadano 2000 que le entreg\u00f3 la entonces Asamblea Legislativa del Distrito Federal; el Premio Comunicaci\u00f3n Universidad Latinoamericana 2001, el Premio\u00a0<em>Rosario Castellanos\u00a0<\/em>a la Trayectoria Cultural de la Mujer 2012 y el Premio Bellas Artes de Literatura\u00a0<em>In\u00e9s Arredondo<\/em>\u00a02022, entre otros.<\/p>\n\n\n\n<p><strong>Una vida dedicada al periodismo<\/strong><\/p>\n\n\n\n<p>Cristina Pacheco estudi\u00f3 Letras Espa\u00f1olas en la Facultad de Filosof\u00eda y Letras de la Universidad Nacional Aut\u00f3noma de M\u00e9xico (UNAM). Dirigi\u00f3 las revistas La Familia, La Mujer de Hoy y Crinolina. Colabor\u00f3 en peri\u00f3dicos y revistas como El Popular, El Sol de M\u00e9xico, El Universal, Exc\u00e9lsior, Novedades, Sucesos para todos (con el seud\u00f3nimo de Juan \u00c1ngel Real) y Unom\u00e1suno.<\/p>\n\n\n\n<p>Desde la fundaci\u00f3n de La Jornada colabor\u00f3 con entrevistas, reportajes y las series Mar de historias y Eje Central. Fue jefa de redacci\u00f3n de la Revista de la Universidad de M\u00e9xico, tambi\u00e9n titular de programas radiof\u00f3nicos de Radio Centro, XEW, Radio F\u00f3rmula y Radio Capital, donde condujo&nbsp;<em>Desde la capital<\/em>. Se inici\u00f3 en el periodismo televisivo en Canal 13.<\/p>\n\n\n\n<p>Sus primeras colaboraciones en Canal Once fueron&nbsp;<em>As\u00ed fue la semana<\/em>&nbsp;(secci\u00f3n de literatura) y la serie de entrevistas con Juan de la Cabada,&nbsp;<em>De todos modos Juan te llamas<\/em>. Por el mismo canal condujo, desde 1978, el programa&nbsp;<em>Aqu\u00ed nos toc\u00f3 vivir<\/em>&nbsp;y, a partir de 1997, la serie&nbsp;<em>Conversando<\/em>&nbsp;<em>con Cristina Pacheco<\/em>.<\/p>\n","protected":false},"excerpt":{"rendered":"<p>La Secretar\u00eda de Cultura de M\u00e9xico y el Instituto Nacional de Bellas Artes y Literatura (Inbal) expresaron sus condolencias por el deceso de la periodista, ensayista y narradora Cristina Pacheco. &hellip; <a href=\"https:\/\/lavereda.com.mx\/index.php\/2023\/12\/22\/cristina-pacheco-pieza-clave-para-entender-la-cultura-en-mexico\/\" class=\"more-link\">Leer m\u00e1s<\/a><\/p>\n","protected":false},"author":1,"featured_media":5702,"comment_status":"open","ping_status":"open","sticky":false,"template":"","format":"standard","meta":{"footnotes":""},"categories":[5,18],"tags":[],"class_list":["post-5701","post","type-post","status-publish","format-standard","has-post-thumbnail","hentry","category-letras-y-libros","category-lomasrelevante","entry"],"_links":{"self":[{"href":"https:\/\/lavereda.com.mx\/index.php\/wp-json\/wp\/v2\/posts\/5701","targetHints":{"allow":["GET"]}}],"collection":[{"href":"https:\/\/lavereda.com.mx\/index.php\/wp-json\/wp\/v2\/posts"}],"about":[{"href":"https:\/\/lavereda.com.mx\/index.php\/wp-json\/wp\/v2\/types\/post"}],"author":[{"embeddable":true,"href":"https:\/\/lavereda.com.mx\/index.php\/wp-json\/wp\/v2\/users\/1"}],"replies":[{"embeddable":true,"href":"https:\/\/lavereda.com.mx\/index.php\/wp-json\/wp\/v2\/comments?post=5701"}],"version-history":[{"count":1,"href":"https:\/\/lavereda.com.mx\/index.php\/wp-json\/wp\/v2\/posts\/5701\/revisions"}],"predecessor-version":[{"id":5703,"href":"https:\/\/lavereda.com.mx\/index.php\/wp-json\/wp\/v2\/posts\/5701\/revisions\/5703"}],"wp:featuredmedia":[{"embeddable":true,"href":"https:\/\/lavereda.com.mx\/index.php\/wp-json\/wp\/v2\/media\/5702"}],"wp:attachment":[{"href":"https:\/\/lavereda.com.mx\/index.php\/wp-json\/wp\/v2\/media?parent=5701"}],"wp:term":[{"taxonomy":"category","embeddable":true,"href":"https:\/\/lavereda.com.mx\/index.php\/wp-json\/wp\/v2\/categories?post=5701"},{"taxonomy":"post_tag","embeddable":true,"href":"https:\/\/lavereda.com.mx\/index.php\/wp-json\/wp\/v2\/tags?post=5701"}],"curies":[{"name":"wp","href":"https:\/\/api.w.org\/{rel}","templated":true}]}}