{"id":570,"date":"2020-09-08T20:25:44","date_gmt":"2020-09-08T20:25:44","guid":{"rendered":"http:\/\/lavereda.com.mx\/?p=570"},"modified":"2020-09-09T22:50:17","modified_gmt":"2020-09-09T22:50:17","slug":"camerata-de-coahuila-regresa-con-temporada-virtual","status":"publish","type":"post","link":"https:\/\/lavereda.com.mx\/index.php\/2020\/09\/08\/camerata-de-coahuila-regresa-con-temporada-virtual\/","title":{"rendered":"Camerata de Coahuila regresa con temporada virtual"},"content":{"rendered":"\n<p>Con el objetivo de seguir promoviendo el gusto por la m\u00fasica cl\u00e1sica, Camerata de Coahuila presentar\u00e1, a partir de este viernes 11 de septiembre de 2020, el estreno de la temporada oto\u00f1o-invierno 2020, la cual contar\u00e1 con un total de 12 conciertos virtuales.\u00a0<\/p>\n\n\n\n<p>Debido a la contingencia internacional generada por el Covid-19, la Camerata de Coahuila, decidi\u00f3 cancelar los conciertos presenciales el mes de marzo de este a\u00f1o, con el fin de garantizar la seguridad de todo el p\u00fablico, orquesta y personal administrativo, asumiendo la responsabilidad y el compromiso que se requer\u00eda ante la situaci\u00f3n como una protecci\u00f3n de la salud p\u00fablica y a la contenci\u00f3n de la pandemia, as\u00ed como todas las orquestas nacionales e internacionales.&nbsp;<\/p>\n\n\n\n<p>Pese a esta contingencia, la Camerata de Coahuila ha dado un paso a reinventarse como orquesta, con el fin de llevar a los hogares una producci\u00f3n innovadora, de alta calidad y con profesionalismo que nos distinguen por 26 a\u00f1os.&nbsp;<\/p>\n\n\n\n<p>Cada uno de los conciertos ser\u00e1 de un tiempo aproximado de 40 minutos, en un formato reducido de orquesta, con obras de los principales m\u00fasicos del estilo barroco, los cuales estar\u00e1n de manera gratuita cada viernes, durante los meses de septiembre, octubre, noviembre y diciembre del 2020, a trav\u00e9s de la p\u00e1gina de Facebook de la Camerata de Coahuila.&nbsp;<\/p>\n\n\n\n<p>El primer concierto de la temporada ser\u00e1 este viernes 11 de septiembre en punto de las 20:30 horas, con la presentaci\u00f3n del Concierto de Brandenburgo No.3 en Sol Mayor, BWV 1048 de J. S. Bach, adem\u00e1s del Concierto Grosso en Re Mayor, Op.6 no.4 de A. Corelli y Concierto Grosso en Do Mayor No.7 \u201cAlexanderfest\u201d, HWV318 de G. F. H\u00e4ndel, todos ellos con un total de 15 m\u00fasicos, bajo la batuta y participaci\u00f3n especial del Maestro Ram\u00f3n Shade, director art\u00edstico de nuestra orquesta.&nbsp;<\/p>\n\n\n\n<p>Los dem\u00e1s conciertos se estar\u00e1n anunciado semana a semana a trav\u00e9s de las redes sociales y en el portal www.cameratadecoahuila.com.mx.&nbsp;<\/p>\n","protected":false},"excerpt":{"rendered":"<p>Con el objetivo de seguir promoviendo el gusto por la m\u00fasica cl\u00e1sica, Camerata de Coahuila presentar\u00e1, a partir de este viernes 11 de septiembre<\/p>\n","protected":false},"author":1,"featured_media":571,"comment_status":"open","ping_status":"open","sticky":false,"template":"","format":"standard","meta":{"footnotes":""},"categories":[18,4],"tags":[],"class_list":["post-570","post","type-post","status-publish","format-standard","has-post-thumbnail","hentry","category-lomasrelevante","category-musica","entry"],"_links":{"self":[{"href":"https:\/\/lavereda.com.mx\/index.php\/wp-json\/wp\/v2\/posts\/570","targetHints":{"allow":["GET"]}}],"collection":[{"href":"https:\/\/lavereda.com.mx\/index.php\/wp-json\/wp\/v2\/posts"}],"about":[{"href":"https:\/\/lavereda.com.mx\/index.php\/wp-json\/wp\/v2\/types\/post"}],"author":[{"embeddable":true,"href":"https:\/\/lavereda.com.mx\/index.php\/wp-json\/wp\/v2\/users\/1"}],"replies":[{"embeddable":true,"href":"https:\/\/lavereda.com.mx\/index.php\/wp-json\/wp\/v2\/comments?post=570"}],"version-history":[{"count":3,"href":"https:\/\/lavereda.com.mx\/index.php\/wp-json\/wp\/v2\/posts\/570\/revisions"}],"predecessor-version":[{"id":577,"href":"https:\/\/lavereda.com.mx\/index.php\/wp-json\/wp\/v2\/posts\/570\/revisions\/577"}],"wp:featuredmedia":[{"embeddable":true,"href":"https:\/\/lavereda.com.mx\/index.php\/wp-json\/wp\/v2\/media\/571"}],"wp:attachment":[{"href":"https:\/\/lavereda.com.mx\/index.php\/wp-json\/wp\/v2\/media?parent=570"}],"wp:term":[{"taxonomy":"category","embeddable":true,"href":"https:\/\/lavereda.com.mx\/index.php\/wp-json\/wp\/v2\/categories?post=570"},{"taxonomy":"post_tag","embeddable":true,"href":"https:\/\/lavereda.com.mx\/index.php\/wp-json\/wp\/v2\/tags?post=570"}],"curies":[{"name":"wp","href":"https:\/\/api.w.org\/{rel}","templated":true}]}}