{"id":5698,"date":"2023-12-21T17:13:03","date_gmt":"2023-12-21T17:13:03","guid":{"rendered":"http:\/\/lavereda.com.mx\/?p=5698"},"modified":"2023-12-21T17:13:03","modified_gmt":"2023-12-21T17:13:03","slug":"ofreceran-espectaculo-infantil-en-navidad","status":"publish","type":"post","link":"https:\/\/lavereda.com.mx\/index.php\/2023\/12\/21\/ofreceran-espectaculo-infantil-en-navidad\/","title":{"rendered":"Ofrecer\u00e1n espect\u00e1culo infantil en Navidad"},"content":{"rendered":"\n<p>\u201cCuento y canto a la navidad\u201d es el nombre del espect\u00e1culo esc\u00e9nico con m\u00fasica en vivo que se presentar\u00e1 en el escenario de \u201cVilla Magia\u201d (Plaza Mayor), el pr\u00f3ximo 24 diciembre a las 12:00 horas.<\/p>\n\n\n\n<p>Se interpretar\u00e1 el cuento \u201cComo el Grinch rob\u00f3 la navidad\u201d.<\/p>\n\n\n\n<p>Participar\u00e1n Er\u00f3n Vargas \u201cMimo\u201d acompa\u00f1ado de Ra\u00fal J\u00e1quez en la voz, trompeta y arm\u00f3nica; y To\u00f1o Ramos en el piano y teclados. Los tres artistas dar\u00e1n vida al cuento del Dr. Seus.<\/p>\n\n\n\n<p>Es un espect\u00e1culo dirigido a toda la familia, especialmente al p\u00fablico infantil, para despertar su imaginaci\u00f3n y promover otro tipo de entretenimiento.<\/p>\n\n\n\n<p>Ra\u00fal J\u00e1quez es m\u00fasico ejecutante de acorde\u00f3n, bandone\u00f3n y guitarra, compositor de canciones infantiles y maestro de m\u00fasica para ni\u00f1as y ni\u00f1os.<\/p>\n\n\n\n<p>Er\u00f3n Vargas es mimo y actor, con una gran capacidad teatral y corporal, que sabe enganchar tanto a chicos como a grandes en todos sus shows.<\/p>\n\n\n\n<p>La entrada es libre.<\/p>\n","protected":false},"excerpt":{"rendered":"<p>\u201cCuento y canto a la navidad\u201d es el nombre del espect\u00e1culo esc\u00e9nico con m\u00fasica en vivo que se presentar\u00e1 en el escenario de \u201cVilla Magia\u201d (Plaza Mayor), el pr\u00f3ximo 24 &hellip; <a href=\"https:\/\/lavereda.com.mx\/index.php\/2023\/12\/21\/ofreceran-espectaculo-infantil-en-navidad\/\" class=\"more-link\">Leer m\u00e1s<\/a><\/p>\n","protected":false},"author":9,"featured_media":5699,"comment_status":"open","ping_status":"open","sticky":false,"template":"","format":"standard","meta":{"footnotes":""},"categories":[2,18],"tags":[36,30],"class_list":["post-5698","post","type-post","status-publish","format-standard","has-post-thumbnail","hentry","category-artes-escenicas","category-lomasrelevante","tag-teatro","tag-torreon","entry"],"_links":{"self":[{"href":"https:\/\/lavereda.com.mx\/index.php\/wp-json\/wp\/v2\/posts\/5698","targetHints":{"allow":["GET"]}}],"collection":[{"href":"https:\/\/lavereda.com.mx\/index.php\/wp-json\/wp\/v2\/posts"}],"about":[{"href":"https:\/\/lavereda.com.mx\/index.php\/wp-json\/wp\/v2\/types\/post"}],"author":[{"embeddable":true,"href":"https:\/\/lavereda.com.mx\/index.php\/wp-json\/wp\/v2\/users\/9"}],"replies":[{"embeddable":true,"href":"https:\/\/lavereda.com.mx\/index.php\/wp-json\/wp\/v2\/comments?post=5698"}],"version-history":[{"count":1,"href":"https:\/\/lavereda.com.mx\/index.php\/wp-json\/wp\/v2\/posts\/5698\/revisions"}],"predecessor-version":[{"id":5700,"href":"https:\/\/lavereda.com.mx\/index.php\/wp-json\/wp\/v2\/posts\/5698\/revisions\/5700"}],"wp:featuredmedia":[{"embeddable":true,"href":"https:\/\/lavereda.com.mx\/index.php\/wp-json\/wp\/v2\/media\/5699"}],"wp:attachment":[{"href":"https:\/\/lavereda.com.mx\/index.php\/wp-json\/wp\/v2\/media?parent=5698"}],"wp:term":[{"taxonomy":"category","embeddable":true,"href":"https:\/\/lavereda.com.mx\/index.php\/wp-json\/wp\/v2\/categories?post=5698"},{"taxonomy":"post_tag","embeddable":true,"href":"https:\/\/lavereda.com.mx\/index.php\/wp-json\/wp\/v2\/tags?post=5698"}],"curies":[{"name":"wp","href":"https:\/\/api.w.org\/{rel}","templated":true}]}}