{"id":5695,"date":"2023-12-21T01:40:09","date_gmt":"2023-12-21T01:40:09","guid":{"rendered":"http:\/\/lavereda.com.mx\/?p=5695"},"modified":"2023-12-27T23:33:10","modified_gmt":"2023-12-27T23:33:10","slug":"llegara-a-mexico-la-pelicula-cuando-acecha-la-maldad","status":"publish","type":"post","link":"https:\/\/lavereda.com.mx\/index.php\/2023\/12\/21\/llegara-a-mexico-la-pelicula-cuando-acecha-la-maldad\/","title":{"rendered":"Llegar\u00e1 a M\u00e9xico la pel\u00edcula \u00abCuando acecha la maldad\u00bb"},"content":{"rendered":"\n<ul class=\"wp-block-list\"><li><em>Ganadora del premio a Mejor Pel\u00edcula en el 56\u00b0 Festival de Cine Fant\u00e1stico de Sitges y ganadora de Mejor Pel\u00edcula en el Festival M\u00f3rbido\u00a02023.<\/em><\/li><\/ul>\n\n\n\n<p>A tan s\u00f3lo un par de meses de su estreno mundial en el 48\u00b0 Festival Internacional de Cine de Toronto (TIFF) en la secci\u00f3n Locura de Medianoche (Midnight Madness), la pel\u00edcula&nbsp;<strong><em>Cuando acecha la maldad&nbsp;<\/em><\/strong>se prepara para un aterrador estreno en salas mexicanas. El quinto largometraje del aclamado director<strong>&nbsp;Demi\u00e1n Rugna<\/strong>, producida por&nbsp;<strong>Machaco Films<\/strong>&nbsp;y<strong>&nbsp;Aramos Cine<\/strong>, presenta una mezcla de misterio y horrores demon\u00edacos que ser\u00e1 estrenada el d\u00eda 11 de enero a nivel nacional por Cin\u00e9polis Distribuci\u00f3n.<br><br>Los vecinos de un peque\u00f1o pueblo rural en Argentina descubren que un demonio est\u00e1 a punto de nacer entre ellos. Ellos intentar\u00e1n escapar desesperadamente con sus seres queridos, pero no importa a donde corran, el mal los perseguir\u00e1 a donde vayan y no se detendr\u00e1 hasta acabar con la humanidad. &nbsp;<br><br><strong><em>When Evil Lurks<\/em><\/strong>, su t\u00edtulo en ingl\u00e9s, ha tenido una notable ruta en festivales, al obtener la nominaci\u00f3n a Mejor Pel\u00edcula en el&nbsp;<strong>18\u00b0 Fantastic Fest<\/strong>, uno de los festivales de cine de g\u00e9nero m\u00e1s importantes de Estados Unidos; particip\u00f3 tambi\u00e9n en el&nbsp;<strong>11vo Beyond Fest&nbsp;<\/strong>con una proyecci\u00f3n especial y recientemente gan\u00f3 el premio a Mejor Pel\u00edcula en la 56va edici\u00f3n del&nbsp;<strong>Festival de Cine Fant\u00e1stico de Sitges<\/strong>, siendo la primera vez que una pel\u00edcula latinoamericana se corona con dicho reconocimiento en el festival espa\u00f1ol.&nbsp;<br><br>El primer contacto con el p\u00fablico mexicano fue a trav\u00e9s del Festival de Terror M\u00f3rbido que tuvo una venta total en las funciones que se presentaron en el pasado mes de noviembre, adem\u00e1s de hacerse acreedora al premio de Mejor Pel\u00edcula en dicho festival.<br><br>Un largometraje de 99 minutos en el que la amenaza de que el mal reinar\u00e1 sobre la tierra de una manera perturbadoramente expl\u00edcita, consecuencias aterradoras y di\u00e1logos concisos con las actuaciones de&nbsp;<strong>Ezequiel Rodr\u00edguez<\/strong>&nbsp;(<em>Juego de brujas<\/em>, 2023),&nbsp;<strong>Demian Salom\u00f3n&nbsp;<\/strong>(<em>El cad\u00e1ver insepulto<\/em>, 2020),&nbsp;<strong>Silvina Sabater<\/strong>&nbsp;(<em>Alanis<\/em>, 2017) y&nbsp;<strong>Emilio Vodanovich&nbsp;<\/strong>(<em>La misma sangre<\/em>, 2019).<\/p>\n\n\n\n<p>Con una s\u00f3lida trayectoria en el g\u00e9nero de horror, Demi\u00e1n Rugna trae con \u201cCuando acecha la maldad\u201d una propuesta perturbadora dentro de lo que se ha visto en el terror latinoamericano siendo algo disruptivo para el g\u00e9nero del terror.<br>El 2024 comenzar\u00e1 de forma tenebrosa a trav\u00e9s del estreno comercial en M\u00e9xico de<strong>&nbsp;<em>Cuando acecha la maldad<\/em><\/strong>, pel\u00edcula que el pasado mes de septiembre en su estreno argentino logr\u00f3 posicionarse en el top 4 de las pel\u00edculas de terror argentinas m\u00e1s vistas en la taquilla de aquel pa\u00eds. El horror se apoderar\u00e1 de los cines mexicanos a partir del 11 de enero.<\/p>\n","protected":false},"excerpt":{"rendered":"<p>Ganadora del premio a Mejor Pel\u00edcula en el 56\u00b0 Festival de Cine Fant\u00e1stico de Sitges y ganadora de Mejor Pel\u00edcula en el Festival M\u00f3rbido\u00a02023. A tan s\u00f3lo un par de &hellip; <a href=\"https:\/\/lavereda.com.mx\/index.php\/2023\/12\/21\/llegara-a-mexico-la-pelicula-cuando-acecha-la-maldad\/\" class=\"more-link\">Leer m\u00e1s<\/a><\/p>\n","protected":false},"author":1,"featured_media":5711,"comment_status":"open","ping_status":"open","sticky":false,"template":"","format":"standard","meta":{"footnotes":""},"categories":[6,7],"tags":[40],"class_list":["post-5695","post","type-post","status-publish","format-standard","has-post-thumbnail","hentry","category-cinetv","category-entretenimiento","tag-cine","entry"],"_links":{"self":[{"href":"https:\/\/lavereda.com.mx\/index.php\/wp-json\/wp\/v2\/posts\/5695","targetHints":{"allow":["GET"]}}],"collection":[{"href":"https:\/\/lavereda.com.mx\/index.php\/wp-json\/wp\/v2\/posts"}],"about":[{"href":"https:\/\/lavereda.com.mx\/index.php\/wp-json\/wp\/v2\/types\/post"}],"author":[{"embeddable":true,"href":"https:\/\/lavereda.com.mx\/index.php\/wp-json\/wp\/v2\/users\/1"}],"replies":[{"embeddable":true,"href":"https:\/\/lavereda.com.mx\/index.php\/wp-json\/wp\/v2\/comments?post=5695"}],"version-history":[{"count":1,"href":"https:\/\/lavereda.com.mx\/index.php\/wp-json\/wp\/v2\/posts\/5695\/revisions"}],"predecessor-version":[{"id":5697,"href":"https:\/\/lavereda.com.mx\/index.php\/wp-json\/wp\/v2\/posts\/5695\/revisions\/5697"}],"wp:featuredmedia":[{"embeddable":true,"href":"https:\/\/lavereda.com.mx\/index.php\/wp-json\/wp\/v2\/media\/5711"}],"wp:attachment":[{"href":"https:\/\/lavereda.com.mx\/index.php\/wp-json\/wp\/v2\/media?parent=5695"}],"wp:term":[{"taxonomy":"category","embeddable":true,"href":"https:\/\/lavereda.com.mx\/index.php\/wp-json\/wp\/v2\/categories?post=5695"},{"taxonomy":"post_tag","embeddable":true,"href":"https:\/\/lavereda.com.mx\/index.php\/wp-json\/wp\/v2\/tags?post=5695"}],"curies":[{"name":"wp","href":"https:\/\/api.w.org\/{rel}","templated":true}]}}