{"id":5691,"date":"2023-12-20T00:36:50","date_gmt":"2023-12-20T00:36:50","guid":{"rendered":"http:\/\/lavereda.com.mx\/?p=5691"},"modified":"2023-12-20T01:06:01","modified_gmt":"2023-12-20T01:06:01","slug":"museos-municipales-abren-en-vacaciones-decembrinas","status":"publish","type":"post","link":"https:\/\/lavereda.com.mx\/index.php\/2023\/12\/20\/museos-municipales-abren-en-vacaciones-decembrinas\/","title":{"rendered":"Museos municipales abren en vacaciones decembrinas"},"content":{"rendered":"\n<p>En esta temporada vacacional los museos municipales de Torre\u00f3n permanecer\u00e1n abiertos desde el 16 de diciembre al 7 de enero.<\/p>\n\n\n\n<p>El horario de atenci\u00f3n de estos recintos es de martes a s\u00e1bado de 10:00 a 17:00 horas y los domingos de 10:00 a 15:00 horas (excepto 24, 25 y 31 de diciembre y 01 de enero).<\/p>\n\n\n\n<p>En temporada navide\u00f1a, debido a la visita de personas for\u00e1neas en la regi\u00f3n lagunera, se incrementa la asistencia a estos espacios ubicados al poniente de Torre\u00f3n.<\/p>\n\n\n\n<p>Los museos que permanecer\u00e1n abiertos son: Museo Del Ferrocarril Torre\u00f3n, Museo Casa del Cerro, Museo del Algod\u00f3n, Museo de la Moneda Torre\u00f3n, Casa Mud\u00e9jar y Canal de la Perla.<\/p>\n\n\n\n<p>Algunas de las exposiciones interesantes que se pueden conocer en los museos son: \u201cAnidar\u201d de la artista Ana Fuentes, exposici\u00f3n que conmemora el 30 aniversario del Museo Hist\u00f3rico Casa del Cerro.<\/p>\n\n\n\n<p>La XIII Bienal de Pl\u00e1stica Joven Arte Nuevo, tambi\u00e9n en la Casa del Cerro, \u201cArquetipos\u201d de la artista Ana Anaya en Casa Mud\u00e9jar, \u201cGabinete de curiosidades de los museos municipales\u201d en el aeropuerto Francisco Sarabia de Torre\u00f3n y \u201cAsimilarte\u201d de alumnos de la UAL en el Canal de la Perla, entre otras.<\/p>\n","protected":false},"excerpt":{"rendered":"<p>En esta temporada vacacional los museos municipales de Torre\u00f3n permanecer\u00e1n abiertos desde el 16 de diciembre al 7 de enero. El horario de atenci\u00f3n de estos recintos es de martes &hellip; <a href=\"https:\/\/lavereda.com.mx\/index.php\/2023\/12\/20\/museos-municipales-abren-en-vacaciones-decembrinas\/\" class=\"more-link\">Leer m\u00e1s<\/a><\/p>\n","protected":false},"author":9,"featured_media":5694,"comment_status":"open","ping_status":"open","sticky":false,"template":"","format":"standard","meta":{"footnotes":""},"categories":[3,18],"tags":[],"class_list":["post-5691","post","type-post","status-publish","format-standard","has-post-thumbnail","hentry","category-artes-visuales","category-lomasrelevante","entry"],"_links":{"self":[{"href":"https:\/\/lavereda.com.mx\/index.php\/wp-json\/wp\/v2\/posts\/5691","targetHints":{"allow":["GET"]}}],"collection":[{"href":"https:\/\/lavereda.com.mx\/index.php\/wp-json\/wp\/v2\/posts"}],"about":[{"href":"https:\/\/lavereda.com.mx\/index.php\/wp-json\/wp\/v2\/types\/post"}],"author":[{"embeddable":true,"href":"https:\/\/lavereda.com.mx\/index.php\/wp-json\/wp\/v2\/users\/9"}],"replies":[{"embeddable":true,"href":"https:\/\/lavereda.com.mx\/index.php\/wp-json\/wp\/v2\/comments?post=5691"}],"version-history":[{"count":2,"href":"https:\/\/lavereda.com.mx\/index.php\/wp-json\/wp\/v2\/posts\/5691\/revisions"}],"predecessor-version":[{"id":5693,"href":"https:\/\/lavereda.com.mx\/index.php\/wp-json\/wp\/v2\/posts\/5691\/revisions\/5693"}],"wp:featuredmedia":[{"embeddable":true,"href":"https:\/\/lavereda.com.mx\/index.php\/wp-json\/wp\/v2\/media\/5694"}],"wp:attachment":[{"href":"https:\/\/lavereda.com.mx\/index.php\/wp-json\/wp\/v2\/media?parent=5691"}],"wp:term":[{"taxonomy":"category","embeddable":true,"href":"https:\/\/lavereda.com.mx\/index.php\/wp-json\/wp\/v2\/categories?post=5691"},{"taxonomy":"post_tag","embeddable":true,"href":"https:\/\/lavereda.com.mx\/index.php\/wp-json\/wp\/v2\/tags?post=5691"}],"curies":[{"name":"wp","href":"https:\/\/api.w.org\/{rel}","templated":true}]}}