{"id":5688,"date":"2023-12-17T21:36:59","date_gmt":"2023-12-17T21:36:59","guid":{"rendered":"http:\/\/lavereda.com.mx\/?p=5688"},"modified":"2023-12-17T21:37:00","modified_gmt":"2023-12-17T21:37:00","slug":"los-fantasmas-de-scrooge","status":"publish","type":"post","link":"https:\/\/lavereda.com.mx\/index.php\/2023\/12\/17\/los-fantasmas-de-scrooge\/","title":{"rendered":"Los Fantasmas de Scrooge"},"content":{"rendered":"\n<p><strong>A Christmas Carol, 2009<\/strong><\/p>\n\n\n\n<p><strong>Disney+<\/strong><\/p>\n\n\n\n<p>Es Londres, en la \u00e9poca victoriana, en esta cinta animada. Scrooge es un empresario acaudalado y avaro hasta la enfermedad. Ha llevado una vida de austeridad y taca\u00f1er\u00eda que lo han amargado todo el camino.<\/p>\n\n\n\n<p>Hasta que en v\u00edsperas de Navidad vienen a visitarlo una serie de fantasmas que le muestran lo que es su pasado, presente y futuro y le hacen pensar en la vida que se le ha escapado y que ha desperdiciado por su conducta pesimista.<\/p>\n\n\n\n<p>Robert Zemeckis dirige y Jim Carrey protagoniza, con la interpretaci\u00f3n de todos los personajes, este supercl\u00e1sico navide\u00f1o escrito por Charles Dickens que nunca pierde vigencia.<\/p>\n\n\n\n<p>Es una bell\u00edsima historia, llena de gracia, aportada por el vers\u00e1til Carrey que es acompa\u00f1ado por Gary Oldman y Colin Firth en papeles secundarios.<\/p>\n\n\n\n<p>Es una moralina inmortal que disfrutar\u00e1 toda la familia, con animaci\u00f3n digital que, en su tiempo, fue precursora.<\/p>\n\n\n\n<p>(PG. Orientaci\u00f3n de los padres)<\/p>\n\n\n\n<p>@LucianoCamposG<\/p>\n\n\n\n<figure class=\"wp-block-embed is-type-video is-provider-youtube wp-block-embed-youtube wp-embed-aspect-16-9 wp-has-aspect-ratio\"><div class=\"wp-block-embed__wrapper\">\n<iframe title=\"Los Fantasmas de Scrooge - Trailer Espa\u00f1ol Latino - FULL HD\" width=\"1170\" height=\"658\" src=\"https:\/\/www.youtube.com\/embed\/j8jOwPbZ-W0?feature=oembed\" frameborder=\"0\" allow=\"accelerometer; autoplay; clipboard-write; encrypted-media; gyroscope; picture-in-picture; web-share\" allowfullscreen><\/iframe>\n<\/div><\/figure>\n","protected":false},"excerpt":{"rendered":"<p>A Christmas Carol, 2009 Disney+ Es Londres, en la \u00e9poca victoriana, en esta cinta animada. Scrooge es un empresario acaudalado y avaro hasta la enfermedad. Ha llevado una vida de &hellip; <a href=\"https:\/\/lavereda.com.mx\/index.php\/2023\/12\/17\/los-fantasmas-de-scrooge\/\" class=\"more-link\">Leer m\u00e1s<\/a><\/p>\n","protected":false},"author":3,"featured_media":5689,"comment_status":"open","ping_status":"open","sticky":false,"template":"","format":"standard","meta":{"footnotes":""},"categories":[6,7,18],"tags":[40],"class_list":["post-5688","post","type-post","status-publish","format-standard","has-post-thumbnail","hentry","category-cinetv","category-entretenimiento","category-lomasrelevante","tag-cine","entry"],"_links":{"self":[{"href":"https:\/\/lavereda.com.mx\/index.php\/wp-json\/wp\/v2\/posts\/5688","targetHints":{"allow":["GET"]}}],"collection":[{"href":"https:\/\/lavereda.com.mx\/index.php\/wp-json\/wp\/v2\/posts"}],"about":[{"href":"https:\/\/lavereda.com.mx\/index.php\/wp-json\/wp\/v2\/types\/post"}],"author":[{"embeddable":true,"href":"https:\/\/lavereda.com.mx\/index.php\/wp-json\/wp\/v2\/users\/3"}],"replies":[{"embeddable":true,"href":"https:\/\/lavereda.com.mx\/index.php\/wp-json\/wp\/v2\/comments?post=5688"}],"version-history":[{"count":1,"href":"https:\/\/lavereda.com.mx\/index.php\/wp-json\/wp\/v2\/posts\/5688\/revisions"}],"predecessor-version":[{"id":5690,"href":"https:\/\/lavereda.com.mx\/index.php\/wp-json\/wp\/v2\/posts\/5688\/revisions\/5690"}],"wp:featuredmedia":[{"embeddable":true,"href":"https:\/\/lavereda.com.mx\/index.php\/wp-json\/wp\/v2\/media\/5689"}],"wp:attachment":[{"href":"https:\/\/lavereda.com.mx\/index.php\/wp-json\/wp\/v2\/media?parent=5688"}],"wp:term":[{"taxonomy":"category","embeddable":true,"href":"https:\/\/lavereda.com.mx\/index.php\/wp-json\/wp\/v2\/categories?post=5688"},{"taxonomy":"post_tag","embeddable":true,"href":"https:\/\/lavereda.com.mx\/index.php\/wp-json\/wp\/v2\/tags?post=5688"}],"curies":[{"name":"wp","href":"https:\/\/api.w.org\/{rel}","templated":true}]}}