{"id":5685,"date":"2023-12-16T00:25:47","date_gmt":"2023-12-16T00:25:47","guid":{"rendered":"http:\/\/lavereda.com.mx\/?p=5685"},"modified":"2023-12-16T00:25:47","modified_gmt":"2023-12-16T00:25:47","slug":"recibe-angel-aurelio-arreola-el-premio-bellas-artes-de-obra-de-teatro-para-ninas-ninos-y-jovenes","status":"publish","type":"post","link":"https:\/\/lavereda.com.mx\/index.php\/2023\/12\/16\/recibe-angel-aurelio-arreola-el-premio-bellas-artes-de-obra-de-teatro-para-ninas-ninos-y-jovenes\/","title":{"rendered":"Recibe \u00c1ngel Aurelio Arreola el Premio Bellas Artes de Obra de Teatro para Ni\u00f1as, Ni\u00f1os y j\u00f3venes"},"content":{"rendered":"\n<p>La Secretar\u00eda de Cultura del Gobierno de M\u00e9xico, el Instituto Nacional de Bellas Artes y Literatura (Inbal), mediante la Coordinaci\u00f3n Nacional de Literatura (CNL), y el Teatro Isauro Mart\u00ednez entregaron el Premio Bellas Artes de Obra de Teatro para Ni\u00f1as, Ni\u00f1os y J\u00f3venes <em>Perla Szuchmacher<\/em> 2023 a \u00c1ngel Aurelio Hern\u00e1ndez Arreola por su obra <em>Ocean\u00eda: Peque\u00f1os manifiestos que alcanzan continentes lejanos.<\/em><\/p>\n\n\n\n<p>El jurado, integrado por Berta Hiriart, Ver\u00f3nica Maldonado e Isabel Carrasco, consider\u00f3 que esta obra plantea la posibilidad de encontrarse con la otredad, abrazarla y aceptarla. Destac\u00f3 que en el texto se crean v\u00ednculos entra\u00f1ables y poderosos que logran cambiar la condici\u00f3n marginal de un grupo de adolescentes, todo ello logrado gracias al marco de una estructura contempor\u00e1nea, un lenguaje vivaz y gran frescura en los di\u00e1logos.<\/p>\n\n\n\n<p>\u201cEn el texto se encontraron propuestas interesantes, algunas de ellas con el genuino inter\u00e9s en explorar nuevos lenguajes dramat\u00fargicos, as\u00ed como de plantear temas complejos que viven la infancia y la adolescencia en la actualidad\u201d, se lee en el acta deliberativa.<\/p>\n\n\n\n<p>Respecto al premio, el ganador se dijo sorprendido de que un texto tan disidente como <em>Ocean\u00eda: peque\u00f1os manifiestos que alcanzan continentes lejanos<\/em> haya obtenido un galard\u00f3n tan importante. Tambi\u00e9n, dijo, se siente agradecido de saber que se le ha dado importancia a la necesidad de sumar voluntades por la igualdad entre los ni\u00f1os y j\u00f3venes de M\u00e9xico.<\/p>\n\n\n\n<p>Sobre el texto, el autor cont\u00f3 que aborda la historia de un colectivo de activistas que se revelan en contra de la discriminaci\u00f3n en diferentes \u00e1mbitos. A partir de ah\u00ed, organizan una serie de acciones en el espacio p\u00fablico que culminan en la activaci\u00f3n de otros manifiestos a favor de la equidad.<\/p>\n\n\n\n<p>\u201cEl texto se\u00f1ala la historia de activistas y sobre el v\u00ednculo que se construye entre ellos. Este v\u00ednculo presente en la obra representa la fuerza que encausa una lucha para modificar la idea de la aceptaci\u00f3n social\u201d, agreg\u00f3.<\/p>\n\n\n\n<p>Destac\u00f3 tambi\u00e9n el valor y el esfuerzo que realizan valientemente muchos colectivos de activistas en pro de los derechos relacionados con la sexualidad, la migraci\u00f3n, la interrupci\u00f3n del embarazo, etc\u00e9tera.<\/p>\n\n\n\n<p>Sobre su trabajo dirigido al p\u00fablico infantil y juvenil, el autor manifest\u00f3 que desde el inicio de su trayectoria y hasta la actualidad mantiene el inter\u00e9s en construir infancias y juventudes contestatarias y disidentes, que cada vez sean m\u00e1s conscientes del poder de la incidencia de sus palabras y de sus acciones.<\/p>\n\n\n\n<p>\u201cMe gustar\u00eda que las juventudes de este pa\u00eds sean cada vez m\u00e1s libres y aguerridas. Frente al sistema de manipulaci\u00f3n y de violencia y de control medi\u00e1tico no hay otra alternativa. Eso me gustar\u00eda que pudiese reflejarse al ver mi obra. Que un manifiesto de justicia, aunque sea peque\u00f1o, puede llegar a engendrar cambios verdaderos\u201d, argument\u00f3.<\/p>\n","protected":false},"excerpt":{"rendered":"<p>La Secretar\u00eda de Cultura del Gobierno de M\u00e9xico, el Instituto Nacional de Bellas Artes y Literatura (Inbal), mediante la Coordinaci\u00f3n Nacional de Literatura (CNL), y el Teatro Isauro Mart\u00ednez entregaron &hellip; <a href=\"https:\/\/lavereda.com.mx\/index.php\/2023\/12\/16\/recibe-angel-aurelio-arreola-el-premio-bellas-artes-de-obra-de-teatro-para-ninas-ninos-y-jovenes\/\" class=\"more-link\">Leer m\u00e1s<\/a><\/p>\n","protected":false},"author":1,"featured_media":5686,"comment_status":"open","ping_status":"open","sticky":false,"template":"","format":"standard","meta":{"footnotes":""},"categories":[5,18],"tags":[],"class_list":["post-5685","post","type-post","status-publish","format-standard","has-post-thumbnail","hentry","category-letras-y-libros","category-lomasrelevante","entry"],"_links":{"self":[{"href":"https:\/\/lavereda.com.mx\/index.php\/wp-json\/wp\/v2\/posts\/5685","targetHints":{"allow":["GET"]}}],"collection":[{"href":"https:\/\/lavereda.com.mx\/index.php\/wp-json\/wp\/v2\/posts"}],"about":[{"href":"https:\/\/lavereda.com.mx\/index.php\/wp-json\/wp\/v2\/types\/post"}],"author":[{"embeddable":true,"href":"https:\/\/lavereda.com.mx\/index.php\/wp-json\/wp\/v2\/users\/1"}],"replies":[{"embeddable":true,"href":"https:\/\/lavereda.com.mx\/index.php\/wp-json\/wp\/v2\/comments?post=5685"}],"version-history":[{"count":1,"href":"https:\/\/lavereda.com.mx\/index.php\/wp-json\/wp\/v2\/posts\/5685\/revisions"}],"predecessor-version":[{"id":5687,"href":"https:\/\/lavereda.com.mx\/index.php\/wp-json\/wp\/v2\/posts\/5685\/revisions\/5687"}],"wp:featuredmedia":[{"embeddable":true,"href":"https:\/\/lavereda.com.mx\/index.php\/wp-json\/wp\/v2\/media\/5686"}],"wp:attachment":[{"href":"https:\/\/lavereda.com.mx\/index.php\/wp-json\/wp\/v2\/media?parent=5685"}],"wp:term":[{"taxonomy":"category","embeddable":true,"href":"https:\/\/lavereda.com.mx\/index.php\/wp-json\/wp\/v2\/categories?post=5685"},{"taxonomy":"post_tag","embeddable":true,"href":"https:\/\/lavereda.com.mx\/index.php\/wp-json\/wp\/v2\/tags?post=5685"}],"curies":[{"name":"wp","href":"https:\/\/api.w.org\/{rel}","templated":true}]}}