{"id":5678,"date":"2023-12-14T23:55:49","date_gmt":"2023-12-14T23:55:49","guid":{"rendered":"http:\/\/lavereda.com.mx\/?p=5678"},"modified":"2023-12-14T23:55:50","modified_gmt":"2023-12-14T23:55:50","slug":"canal-once-lanza-nuevo-programa-en-la-barra","status":"publish","type":"post","link":"https:\/\/lavereda.com.mx\/index.php\/2023\/12\/14\/canal-once-lanza-nuevo-programa-en-la-barra\/","title":{"rendered":"Canal Once lanza nuevo programa En la Barra"},"content":{"rendered":"\n<ul class=\"wp-block-list\"><li><strong>Destaca lo m\u00e1s sobresaliente de la carrera profesional, y lo m\u00e1s \u00edntimo de la vida personal de las nuevas caras del cine, el teatro y la televisi\u00f3n<\/strong><\/li><\/ul>\n\n\n\n<p>A partir del 11 de diciembre, se puede conocer el lado m\u00e1s \u00edntimo de j\u00f3venes actrices y actores que est\u00e1n haciendo historia en el cine, el teatro y la televisi\u00f3n, en la nueva entrega de\u00a0<strong><em>En la barra<\/em><\/strong>, del<strong>\u00a0Once<\/strong>\u00a0y\u00a0<strong>Once Digital<\/strong>.<br>\u00a0<br>En cada episodio de esta segunda temporada \u00d3scar Uriel entrevistar\u00e1 a distintos histriones, cuya carrera art\u00edstica ha despegado con \u00e9xito para las nuevas producciones y generaciones.<br>\u00a0<br>En un ambiente relajado, y con singulares cocteles de por medio, las charlas nos llevar\u00e1n a conocer la trayectoria, intereses, personalidad y pasiones de figuras como Majo P\u00e9rez, Ana Valeria Becerril, Esmeralda Soto, Valeria Fabbri, Danae Reynaud, Jezzini, B\u00e1rbara L\u00f3pez, Pablo Astiazar\u00e1n, Diego Alfaro y Alexis de Anda.<br>\u00a0<br><strong><em>En la barra<\/em><\/strong>\u00a0es un espacio \u00fanico y plural dentro de la programaci\u00f3n del\u00a0<strong>Once<\/strong>. Es una iniciativa de\u00a0<strong>Once Digital<\/strong>\u00a0buscando un programa exclusivo para dar voz a los nuevos talentos, quienes expresan las inquietudes de una nueva asociaci\u00f3n de artistas que tienen en com\u00fan el formar una sociedad m\u00e1s comprometida con el arte y con la responsabilidad c\u00edvica que nos ata\u00f1e a todos.<br>\u00a0<br>Oscar Uriel, comenta: \u201cPara m\u00ed ha sido enriquecedor el poder conocer a fondo la personalidad de este grupo de j\u00f3venes cuyos integrantes han logrado crear un v\u00ednculo de comunicaci\u00f3n con chicos y no tan chicos a trav\u00e9s de su visi\u00f3n, creatividad y manera de pensar.<br>En La Barra, desde mi punto de vista, trata de sensibilizar a la audiencia sobre las nuevas formas de pensar, tendencias e inquietudes de una nueva asociaci\u00f3n de artistas que tienen en com\u00fan el formar una sociedad m\u00e1s comprometida con el arte y con la responsabilidad c\u00edvica que nos ata\u00f1e a todos.<br>Estoy profundamente agradecido con Carlos Brito, Eduardo Valenzuela, Will D\u00edaz y todo el equipo creativo, producci\u00f3n y t\u00e9cnico de Canal Once por otra oportunidad m\u00e1s en mi trayector\u00eda que solidifica a\u00fan m\u00e1s mi compromiso con este canal.\u201d<br><br>\u00a0S\u00e9 parte de estas conversaciones\u00a0<strong><em>En la barra<\/em><\/strong>\u00a0en compa\u00f1\u00eda de \u00d3scar Uriel, a partir de este lunes 11 en nuestro sitio<a rel=\"noreferrer noopener\" href=\"https:\/\/icunacuryacosta.us3.list-manage.com\/track\/click?u=e78bfe01a23fe4f291f90d771&amp;id=e8e7d8d524&amp;e=ba77eb92dd\" target=\"_blank\">https:\/\/canalonce.mx\/programas\/en-la-barra<\/a>\u00a0y todos los jueves a las 21:30 hrs en Facebook y YouTube.<\/p>\n","protected":false},"excerpt":{"rendered":"<p>Destaca lo m\u00e1s sobresaliente de la carrera profesional, y lo m\u00e1s \u00edntimo de la vida personal de las nuevas caras del cine, el teatro y la televisi\u00f3n A partir del &hellip; <a href=\"https:\/\/lavereda.com.mx\/index.php\/2023\/12\/14\/canal-once-lanza-nuevo-programa-en-la-barra\/\" class=\"more-link\">Leer m\u00e1s<\/a><\/p>\n","protected":false},"author":1,"featured_media":5679,"comment_status":"open","ping_status":"open","sticky":false,"template":"","format":"standard","meta":{"footnotes":""},"categories":[6,7],"tags":[],"class_list":["post-5678","post","type-post","status-publish","format-standard","has-post-thumbnail","hentry","category-cinetv","category-entretenimiento","entry"],"_links":{"self":[{"href":"https:\/\/lavereda.com.mx\/index.php\/wp-json\/wp\/v2\/posts\/5678","targetHints":{"allow":["GET"]}}],"collection":[{"href":"https:\/\/lavereda.com.mx\/index.php\/wp-json\/wp\/v2\/posts"}],"about":[{"href":"https:\/\/lavereda.com.mx\/index.php\/wp-json\/wp\/v2\/types\/post"}],"author":[{"embeddable":true,"href":"https:\/\/lavereda.com.mx\/index.php\/wp-json\/wp\/v2\/users\/1"}],"replies":[{"embeddable":true,"href":"https:\/\/lavereda.com.mx\/index.php\/wp-json\/wp\/v2\/comments?post=5678"}],"version-history":[{"count":1,"href":"https:\/\/lavereda.com.mx\/index.php\/wp-json\/wp\/v2\/posts\/5678\/revisions"}],"predecessor-version":[{"id":5680,"href":"https:\/\/lavereda.com.mx\/index.php\/wp-json\/wp\/v2\/posts\/5678\/revisions\/5680"}],"wp:featuredmedia":[{"embeddable":true,"href":"https:\/\/lavereda.com.mx\/index.php\/wp-json\/wp\/v2\/media\/5679"}],"wp:attachment":[{"href":"https:\/\/lavereda.com.mx\/index.php\/wp-json\/wp\/v2\/media?parent=5678"}],"wp:term":[{"taxonomy":"category","embeddable":true,"href":"https:\/\/lavereda.com.mx\/index.php\/wp-json\/wp\/v2\/categories?post=5678"},{"taxonomy":"post_tag","embeddable":true,"href":"https:\/\/lavereda.com.mx\/index.php\/wp-json\/wp\/v2\/tags?post=5678"}],"curies":[{"name":"wp","href":"https:\/\/api.w.org\/{rel}","templated":true}]}}