{"id":567,"date":"2020-09-08T18:20:54","date_gmt":"2020-09-08T18:20:54","guid":{"rendered":"http:\/\/lavereda.com.mx\/?p=567"},"modified":"2020-09-08T18:20:57","modified_gmt":"2020-09-08T18:20:57","slug":"anuncian-peliculas-del-24-tour-de-cine-frances","status":"publish","type":"post","link":"https:\/\/lavereda.com.mx\/index.php\/2020\/09\/08\/anuncian-peliculas-del-24-tour-de-cine-frances\/","title":{"rendered":"Anuncian pel\u00edculas del 24 Tour de Cine Franc\u00e9s"},"content":{"rendered":"\n<p>Ya est\u00e1 listo el video \u00abcineminuto\u00bb\u00a0de la edici\u00f3n n\u00famero 24\u00a0del Tour de Cine Franc\u00e9s, el cual se llevar\u00e1 acabo del 8 de octubre al 11 de noviembre del 2020, simult\u00e1neamente en 73 ciudades de la Rep\u00fablica Mexicana.<\/p>\n\n\n\n<p>Durante 24&nbsp;a\u00f1os, el Tour de Cine Franc\u00e9s ha presentado lo mejor del cine galo en M\u00e9xico. Desde su inicio en el a\u00f1o de 1997, esta selecci\u00f3n de filmes franceses ha promovido una forma diferente de ver al s\u00e9ptimo arte, con directores, actores, productores y guionistas de todos los estilos, quienes a trav\u00e9s de todos los g\u00e9neros (drama, comedia, suspenso, comedia rom\u00e1ntica y documental), nos han mostrado su muy particular visi\u00f3n de la vida, del mundo, del ser humano y su complejidad.<\/p>\n\n\n\n<p>Es una muestra itinerante\u00a0 (en versi\u00f3n original subtitulada) alrededor de la Rep\u00fablica Mexicana, Centroam\u00e9rica, Argentina y Chile. Aqu\u00ed puedes conocer la selecci\u00f3n de las pel\u00edculas:<\/p>\n\n\n\n<figure class=\"wp-block-embed-youtube wp-block-embed is-type-video is-provider-youtube wp-embed-aspect-16-9 wp-has-aspect-ratio\"><div class=\"wp-block-embed__wrapper\">\n<iframe title=\"Cineminuto del 24\u00b0 Tour de Cine Frances \/ #TenemosUnaCita\" width=\"1170\" height=\"658\" src=\"https:\/\/www.youtube.com\/embed\/Coew63SxYL0?feature=oembed\" frameborder=\"0\" allow=\"accelerometer; autoplay; encrypted-media; gyroscope; picture-in-picture\" allowfullscreen><\/iframe>\n<\/div><\/figure>\n","protected":false},"excerpt":{"rendered":"<p>Ya est\u00e1 listo el video \u00abcineminuto\u00bb de la edici\u00f3n n\u00famero 24 del Tour de Cine Franc\u00e9s.<\/p>\n","protected":false},"author":1,"featured_media":568,"comment_status":"open","ping_status":"open","sticky":false,"template":"","format":"standard","meta":{"footnotes":""},"categories":[6,18],"tags":[],"class_list":["post-567","post","type-post","status-publish","format-standard","has-post-thumbnail","hentry","category-cinetv","category-lomasrelevante","entry"],"_links":{"self":[{"href":"https:\/\/lavereda.com.mx\/index.php\/wp-json\/wp\/v2\/posts\/567","targetHints":{"allow":["GET"]}}],"collection":[{"href":"https:\/\/lavereda.com.mx\/index.php\/wp-json\/wp\/v2\/posts"}],"about":[{"href":"https:\/\/lavereda.com.mx\/index.php\/wp-json\/wp\/v2\/types\/post"}],"author":[{"embeddable":true,"href":"https:\/\/lavereda.com.mx\/index.php\/wp-json\/wp\/v2\/users\/1"}],"replies":[{"embeddable":true,"href":"https:\/\/lavereda.com.mx\/index.php\/wp-json\/wp\/v2\/comments?post=567"}],"version-history":[{"count":1,"href":"https:\/\/lavereda.com.mx\/index.php\/wp-json\/wp\/v2\/posts\/567\/revisions"}],"predecessor-version":[{"id":569,"href":"https:\/\/lavereda.com.mx\/index.php\/wp-json\/wp\/v2\/posts\/567\/revisions\/569"}],"wp:featuredmedia":[{"embeddable":true,"href":"https:\/\/lavereda.com.mx\/index.php\/wp-json\/wp\/v2\/media\/568"}],"wp:attachment":[{"href":"https:\/\/lavereda.com.mx\/index.php\/wp-json\/wp\/v2\/media?parent=567"}],"wp:term":[{"taxonomy":"category","embeddable":true,"href":"https:\/\/lavereda.com.mx\/index.php\/wp-json\/wp\/v2\/categories?post=567"},{"taxonomy":"post_tag","embeddable":true,"href":"https:\/\/lavereda.com.mx\/index.php\/wp-json\/wp\/v2\/tags?post=567"}],"curies":[{"name":"wp","href":"https:\/\/api.w.org\/{rel}","templated":true}]}}