{"id":5667,"date":"2023-12-08T23:34:02","date_gmt":"2023-12-08T23:34:02","guid":{"rendered":"http:\/\/lavereda.com.mx\/?p=5667"},"modified":"2023-12-08T23:35:48","modified_gmt":"2023-12-08T23:35:48","slug":"viven-noche-magica-con-cantos-para-el-mundo","status":"publish","type":"post","link":"https:\/\/lavereda.com.mx\/index.php\/2023\/12\/08\/viven-noche-magica-con-cantos-para-el-mundo\/","title":{"rendered":"Viven noche m\u00e1gica con Cantos para el Mundo"},"content":{"rendered":"\n<p>La iniciativa \u201cCantos para hermanar al mundo\u201d de la mezzosoprano lagunera Paulina Villarreal, present\u00f3 la noche del jueves el espect\u00e1culo \u201cA night to rememeber\u201d, un programa de \u00f3pera, teatro musical y boleros en el Teatro Isauro Mart\u00ednez.<br>Este concierto reuni\u00f3 al talento de grandes m\u00fasicos locales e internacionales, como el tenor Justin John Moniz, nombrado como uno de los mejores profesionales del a\u00f1o musical en Am\u00e9rica; y Paulina de la Fuente, soprano lagunera graduada en el conservatorio de Boston.<br>Tambi\u00e9n particip\u00f3 Carl Dupont, cantante e investigador con presencia en importantes escenarios mundiales y otros m\u00fasicos internacionales, destacando tambi\u00e9n el lagunero Ra\u00fal J\u00e1quez, quien interpret\u00f3 un tango en el bandone\u00f3n.<br>Ante un teatro lleno de un p\u00fablico emocionado, los artistas interpretaron obras del musical El rey le\u00f3n, varias arias de \u00f3pera, \u201cStranger in paradise \u201c del musical Kismet, boleros como \u201cLa despedida\u201d y otros temas. <\/p>\n\n\n\n<figure class=\"wp-block-image size-full is-resized\"><img fetchpriority=\"high\" decoding=\"async\" src=\"https:\/\/lavereda.com.mx\/wp-content\/uploads\/2023\/12\/WhatsApp-Image-2023-12-08-at-16.32.43.jpeg\" alt=\"\" class=\"wp-image-5670\" width=\"409\" height=\"307\" srcset=\"https:\/\/lavereda.com.mx\/wp-content\/uploads\/2023\/12\/WhatsApp-Image-2023-12-08-at-16.32.43.jpeg 1000w, https:\/\/lavereda.com.mx\/wp-content\/uploads\/2023\/12\/WhatsApp-Image-2023-12-08-at-16.32.43-300x225.jpeg 300w, https:\/\/lavereda.com.mx\/wp-content\/uploads\/2023\/12\/WhatsApp-Image-2023-12-08-at-16.32.43-768x576.jpeg 768w\" sizes=\"(max-width: 409px) 100vw, 409px\" \/><\/figure>\n\n\n\n<p>Destac\u00f3 el talento de la soprano lagunera Paulina de la Fuente, quien cant\u00f3 obras como solista y un dueto con Paulina Villarreal, ambas son un ejemplo de la calidad de voces que han emergido de esta regi\u00f3n.<\/p>\n\n\n\n<p>Como invitados tambi\u00e9n participaron los m\u00fasicos laguneros Natalia Riazanova, Juan Barrios y Carlos Ramos.<\/p>\n\n\n\n<figure class=\"wp-block-image size-full is-resized\"><img decoding=\"async\" src=\"https:\/\/lavereda.com.mx\/wp-content\/uploads\/2023\/12\/WhatsApp-Image-2023-12-08-at-17.24.01.jpeg\" alt=\"\" class=\"wp-image-5673\" width=\"421\" height=\"316\" srcset=\"https:\/\/lavereda.com.mx\/wp-content\/uploads\/2023\/12\/WhatsApp-Image-2023-12-08-at-17.24.01.jpeg 1000w, https:\/\/lavereda.com.mx\/wp-content\/uploads\/2023\/12\/WhatsApp-Image-2023-12-08-at-17.24.01-300x225.jpeg 300w, https:\/\/lavereda.com.mx\/wp-content\/uploads\/2023\/12\/WhatsApp-Image-2023-12-08-at-17.24.01-768x576.jpeg 768w\" sizes=\"(max-width: 421px) 100vw, 421px\" \/><\/figure>\n","protected":false},"excerpt":{"rendered":"<p>La iniciativa \u201cCantos para hermanar al mundo\u201d de la mezzosoprano lagunera Paulina Villarreal, present\u00f3 la noche del jueves el espect\u00e1culo \u201cA night to rememeber\u201d, un programa de \u00f3pera, teatro musical &hellip; <a href=\"https:\/\/lavereda.com.mx\/index.php\/2023\/12\/08\/viven-noche-magica-con-cantos-para-el-mundo\/\" class=\"more-link\">Leer m\u00e1s<\/a><\/p>\n","protected":false},"author":9,"featured_media":5669,"comment_status":"open","ping_status":"open","sticky":false,"template":"","format":"standard","meta":{"footnotes":""},"categories":[2,18,4,1],"tags":[],"class_list":["post-5667","post","type-post","status-publish","format-standard","has-post-thumbnail","hentry","category-artes-escenicas","category-lomasrelevante","category-musica","category-uncategorized","entry"],"_links":{"self":[{"href":"https:\/\/lavereda.com.mx\/index.php\/wp-json\/wp\/v2\/posts\/5667","targetHints":{"allow":["GET"]}}],"collection":[{"href":"https:\/\/lavereda.com.mx\/index.php\/wp-json\/wp\/v2\/posts"}],"about":[{"href":"https:\/\/lavereda.com.mx\/index.php\/wp-json\/wp\/v2\/types\/post"}],"author":[{"embeddable":true,"href":"https:\/\/lavereda.com.mx\/index.php\/wp-json\/wp\/v2\/users\/9"}],"replies":[{"embeddable":true,"href":"https:\/\/lavereda.com.mx\/index.php\/wp-json\/wp\/v2\/comments?post=5667"}],"version-history":[{"count":3,"href":"https:\/\/lavereda.com.mx\/index.php\/wp-json\/wp\/v2\/posts\/5667\/revisions"}],"predecessor-version":[{"id":5674,"href":"https:\/\/lavereda.com.mx\/index.php\/wp-json\/wp\/v2\/posts\/5667\/revisions\/5674"}],"wp:featuredmedia":[{"embeddable":true,"href":"https:\/\/lavereda.com.mx\/index.php\/wp-json\/wp\/v2\/media\/5669"}],"wp:attachment":[{"href":"https:\/\/lavereda.com.mx\/index.php\/wp-json\/wp\/v2\/media?parent=5667"}],"wp:term":[{"taxonomy":"category","embeddable":true,"href":"https:\/\/lavereda.com.mx\/index.php\/wp-json\/wp\/v2\/categories?post=5667"},{"taxonomy":"post_tag","embeddable":true,"href":"https:\/\/lavereda.com.mx\/index.php\/wp-json\/wp\/v2\/tags?post=5667"}],"curies":[{"name":"wp","href":"https:\/\/api.w.org\/{rel}","templated":true}]}}