{"id":5657,"date":"2023-12-07T19:55:31","date_gmt":"2023-12-07T19:55:31","guid":{"rendered":"http:\/\/lavereda.com.mx\/?p=5657"},"modified":"2023-12-07T19:58:47","modified_gmt":"2023-12-07T19:58:47","slug":"vive-la-magia-de-la-navidad-con-la-orquesta-sinfonica-juvenil-de-torreon-y-el-mesias-de-handel","status":"publish","type":"post","link":"https:\/\/lavereda.com.mx\/index.php\/2023\/12\/07\/vive-la-magia-de-la-navidad-con-la-orquesta-sinfonica-juvenil-de-torreon-y-el-mesias-de-handel\/","title":{"rendered":"Vive la Magia de la Navidad con la Orquesta Sinf\u00f3nica Juvenil de Torre\u00f3n y \u00abEl Mes\u00edas\u00bb de H\u00e4ndel"},"content":{"rendered":"\n<p class=\"has-text-align-left\">El Instituto Municipal de Cultura y Educaci\u00f3n, en colaboraci\u00f3n con el Ayuntamiento de Torre\u00f3n, se complace en invitar a todos los amantes de la m\u00fasica y la \u00e9poca navide\u00f1a al cierre de a\u00f1o de la Orquesta Sinf\u00f3nica Juvenil de Torre\u00f3n. Bajo la batuta del maestro Ethan Eager, este talentoso conjunto ofrecer\u00e1 una presentaci\u00f3n especial de \u00abEl Mes\u00edas\u00bb de Georg Friedrich H\u00e4ndel.<\/p>\n\n\n\n<p class=\"has-text-align-left\">No te pierdas la oportunidad de sumergirte en la majestuosidad de \u00abEl Mes\u00edas\u00bb junto a la Orquesta Sinf\u00f3nica Juvenil de Torre\u00f3n. Adem\u00e1s, el concierto contar\u00e1 con la participaci\u00f3n del coro infantil y el coro oficial del Instituto de M\u00fasica de Coahuila, dirigidos por la maestra Luz Alicia \u00c1vila, as\u00ed como la colaboraci\u00f3n de talentosos m\u00fasicos de la Escuela Superior de M\u00fasica de la UJED de Durango.<\/p>\n\n\n\n<p class=\"has-text-align-left\">Acomp\u00e1\u00f1anos en este espect\u00e1culo \u00fanico que celebra la belleza de la m\u00fasica cl\u00e1sica en la temporada festiva. \u00a1Adquiere tus boletos y d\u00e9jate envolver por la armon\u00eda navide\u00f1a!<\/p>\n\n\n\n<p><strong>Fecha y Hora:<\/strong><\/p>\n\n\n\n<p>Jueves, 14 de diciembre, a las 20:00 hrs.<\/p>\n\n\n\n<p><strong>Lugar:<\/strong><\/p>\n\n\n\n<p>Teatro Isauro Mart\u00ednez<\/p>\n\n\n\n<p><strong>Venta de Boletos:<\/strong><\/p>\n\n\n\n<p>A partir del 5 de diciembre en las instalaciones del IMCE (Casa de Cantera de Ju\u00e1rez y Col\u00f3n), de 10:00 a 14:30 hrs. de lunes a viernes. Costo: $40.00 pesos.<\/p>\n\n\n\n<figure class=\"wp-block-image size-large is-resized\"><img fetchpriority=\"high\" decoding=\"async\" src=\"https:\/\/lavereda.com.mx\/wp-content\/uploads\/2023\/12\/WhatsApp-Image-2023-12-06-at-11.12.17-1024x1024.jpeg\" alt=\"\" class=\"wp-image-5659\" width=\"685\" height=\"685\" srcset=\"https:\/\/lavereda.com.mx\/wp-content\/uploads\/2023\/12\/WhatsApp-Image-2023-12-06-at-11.12.17-1024x1024.jpeg 1024w, https:\/\/lavereda.com.mx\/wp-content\/uploads\/2023\/12\/WhatsApp-Image-2023-12-06-at-11.12.17-300x300.jpeg 300w, https:\/\/lavereda.com.mx\/wp-content\/uploads\/2023\/12\/WhatsApp-Image-2023-12-06-at-11.12.17-150x150.jpeg 150w, https:\/\/lavereda.com.mx\/wp-content\/uploads\/2023\/12\/WhatsApp-Image-2023-12-06-at-11.12.17-768x768.jpeg 768w, https:\/\/lavereda.com.mx\/wp-content\/uploads\/2023\/12\/WhatsApp-Image-2023-12-06-at-11.12.17.jpeg 1200w\" sizes=\"(max-width: 685px) 100vw, 685px\" \/><\/figure>\n\n\n\n<p><strong>Adicionalmente, la Orquesta Sinf\u00f3nica Juvenil ofrecer\u00e1 dos presentaciones did\u00e1cticas previas al concierto. No te pierdas la primera el jueves 7 de diciembre en la parroquia del Inmaculado Coraz\u00f3n de Mar\u00eda en Torre\u00f3n Jard\u00edn a las 19:30 hrs. y la segunda el domingo 10 de diciembre a las 12:00 hrs. en la Plaza Pe\u00f1oles del Museo Arocena. \u00a1Una oportunidad perfecta para acercarte a la m\u00fasica y disfrutar en familia!<\/strong><\/p>\n\n\n\n<figure class=\"wp-block-image size-large is-resized\"><img decoding=\"async\" src=\"https:\/\/lavereda.com.mx\/wp-content\/uploads\/2023\/12\/WhatsApp-Image-2023-12-06-at-11.12.02-1024x576.jpeg\" alt=\"\" class=\"wp-image-5658\" width=\"688\" height=\"386\" srcset=\"https:\/\/lavereda.com.mx\/wp-content\/uploads\/2023\/12\/WhatsApp-Image-2023-12-06-at-11.12.02-1024x576.jpeg 1024w, https:\/\/lavereda.com.mx\/wp-content\/uploads\/2023\/12\/WhatsApp-Image-2023-12-06-at-11.12.02-300x169.jpeg 300w, https:\/\/lavereda.com.mx\/wp-content\/uploads\/2023\/12\/WhatsApp-Image-2023-12-06-at-11.12.02-768x432.jpeg 768w, https:\/\/lavereda.com.mx\/wp-content\/uploads\/2023\/12\/WhatsApp-Image-2023-12-06-at-11.12.02-1536x864.jpeg 1536w, https:\/\/lavereda.com.mx\/wp-content\/uploads\/2023\/12\/WhatsApp-Image-2023-12-06-at-11.12.02.jpeg 1600w\" sizes=\"(max-width: 688px) 100vw, 688px\" \/><\/figure>\n","protected":false},"excerpt":{"rendered":"<p>El Instituto Municipal de Cultura y Educaci\u00f3n, en colaboraci\u00f3n con el Ayuntamiento de Torre\u00f3n, se complace en invitar a todos los amantes de la m\u00fasica y la \u00e9poca navide\u00f1a al &hellip; <a href=\"https:\/\/lavereda.com.mx\/index.php\/2023\/12\/07\/vive-la-magia-de-la-navidad-con-la-orquesta-sinfonica-juvenil-de-torreon-y-el-mesias-de-handel\/\" class=\"more-link\">Leer m\u00e1s<\/a><\/p>\n","protected":false},"author":20,"featured_media":5663,"comment_status":"open","ping_status":"open","sticky":false,"template":"","format":"standard","meta":{"footnotes":""},"categories":[7,18,4],"tags":[62,28,30],"class_list":["post-5657","post","type-post","status-publish","format-standard","has-post-thumbnail","hentry","category-entretenimiento","category-lomasrelevante","category-musica","tag-arte","tag-musica","tag-torreon","entry"],"_links":{"self":[{"href":"https:\/\/lavereda.com.mx\/index.php\/wp-json\/wp\/v2\/posts\/5657","targetHints":{"allow":["GET"]}}],"collection":[{"href":"https:\/\/lavereda.com.mx\/index.php\/wp-json\/wp\/v2\/posts"}],"about":[{"href":"https:\/\/lavereda.com.mx\/index.php\/wp-json\/wp\/v2\/types\/post"}],"author":[{"embeddable":true,"href":"https:\/\/lavereda.com.mx\/index.php\/wp-json\/wp\/v2\/users\/20"}],"replies":[{"embeddable":true,"href":"https:\/\/lavereda.com.mx\/index.php\/wp-json\/wp\/v2\/comments?post=5657"}],"version-history":[{"count":3,"href":"https:\/\/lavereda.com.mx\/index.php\/wp-json\/wp\/v2\/posts\/5657\/revisions"}],"predecessor-version":[{"id":5662,"href":"https:\/\/lavereda.com.mx\/index.php\/wp-json\/wp\/v2\/posts\/5657\/revisions\/5662"}],"wp:featuredmedia":[{"embeddable":true,"href":"https:\/\/lavereda.com.mx\/index.php\/wp-json\/wp\/v2\/media\/5663"}],"wp:attachment":[{"href":"https:\/\/lavereda.com.mx\/index.php\/wp-json\/wp\/v2\/media?parent=5657"}],"wp:term":[{"taxonomy":"category","embeddable":true,"href":"https:\/\/lavereda.com.mx\/index.php\/wp-json\/wp\/v2\/categories?post=5657"},{"taxonomy":"post_tag","embeddable":true,"href":"https:\/\/lavereda.com.mx\/index.php\/wp-json\/wp\/v2\/tags?post=5657"}],"curies":[{"name":"wp","href":"https:\/\/api.w.org\/{rel}","templated":true}]}}