{"id":5653,"date":"2023-12-07T01:57:20","date_gmt":"2023-12-07T01:57:20","guid":{"rendered":"http:\/\/lavereda.com.mx\/?p=5653"},"modified":"2023-12-07T18:31:52","modified_gmt":"2023-12-07T18:31:52","slug":"el-bolero-ya-es-patrimonio-cultural-inmaterial-de-la-humanidad","status":"publish","type":"post","link":"https:\/\/lavereda.com.mx\/index.php\/2023\/12\/07\/el-bolero-ya-es-patrimonio-cultural-inmaterial-de-la-humanidad\/","title":{"rendered":"El Bolero ya es Patrimonio Cultural Inmaterial de la Humanidad"},"content":{"rendered":"\n<ul class=\"wp-block-list\"><li><strong>La iniciativa fue impulsada por las comunidades de portadores de M\u00e9xico y Cuba y los gobiernos de ambos pa\u00edses.<\/strong><\/li><\/ul>\n\n\n\n<p>El 5 de diciembre de 2023, el Comit\u00e9 Intergubernamental para la Salvaguardia del Patrimonio Cultural Inmaterial de la Organizaci\u00f3n de las Naciones Unidas para la Educaci\u00f3n, la Ciencia y la Cultura (Unesco) aprob\u00f3 durante su 18\u00aa sesi\u00f3n, celebrada en Kasane, Botsuana, la inscripci\u00f3n de la pr\u00e1ctica culturaldel Boleroen la Lista Representativa del Patrimonio Cultural Inmaterial (PCI) de la humanidad.<\/p>\n\n\n\n<p>La lista tiene como objetivo garantizar que el Patrimonio Cultural Inmaterial y los elementos propuestos como representativos por los Estados Parte sean reconocidos en su relevancia, as\u00ed como llevar a cabo acciones de salvaguardia en conjunto con las comunidades de portadoras. En este caso, la comunidad del Bolero para fortalecer su composici\u00f3n, interpretaci\u00f3n y transmisi\u00f3n de sus conocimientos y sus pr\u00e1cticas identitarias.<\/p>\n\n\n\n<p>El expediente binacional \u201cBolero: identidad, emoci\u00f3n y poes\u00eda hechas canci\u00f3n\u201d fue presentado en marzo de 2022, de manera conjunta, por la Secretar\u00eda de Cultura del Gobierno de M\u00e9xico y el Ministerio de Cultura de Cuba ante la organizaci\u00f3n internacional, que en 2003 aprob\u00f3 la Convenci\u00f3n para la Salvaguardia del Patrimonio Cultural Inmaterial, suscrita por ambos pa\u00edses.<\/p>\n\n\n\n<p>La candidatura del Bolero como PCI fue impulsada en M\u00e9xico por el Instituto Bolero M\u00e9xico (IBM), con el apoyo de la Secretar\u00eda de Cultura federal, a trav\u00e9s de sus direcciones generales de Culturas Populares, Ind\u00edgenas y Urbanas; as\u00ed como de Asuntos Internacionales. En Cuba, por el Ministerio de Cultura. En el proceso participaron personas portadoras de ambos pa\u00edses entre los que se cuentan autoras, compositoras, arreglistas, m\u00fasicos, int\u00e9rpretes y ejecutantes, acad\u00e9micas, promotoras culturales y seguidoras de esta pr\u00e1ctica cultural.<\/p>\n\n\n\n<p>El Bolero naci\u00f3 en Cuba en 1883 y se extendi\u00f3 por M\u00e9xico y otros pa\u00edses de Am\u00e9rica Latina con sus letras l\u00edricas, de amor y desamor, as\u00ed como sus cadenciosas percusiones acompa\u00f1adas de guitarras, bajos, pianos, alientos y su caracter\u00edstico requinto mexicano que, en conjunto con las voces solitarias o en grupo, lo enriqueci\u00f3 tanto en su pa\u00eds de origen como en las naciones que lo acogieron como propio, como es el caso de M\u00e9xico.<\/p>\n\n\n\n<p>El Bolero se ha transmitido de generaci\u00f3n en generaci\u00f3n, aglutina a sus portadores e impulsa su interacci\u00f3n, promueve la transmisi\u00f3n de saberes, desde lo instrumental y musical hasta lo l\u00edrico y danc\u00edstico.<\/p>\n\n\n\n<p>Estas interacciones lo han convertido en una pr\u00e1ctica cultural con un fuerte sentido de identidad colectiva en las culturas mexicana y cubana, ya que muchas personas se identifican con su pr\u00e1ctica en el ambiente familiar y comunitario, en espacios como fiestas, serenatas, conmemoraciones incluso luctuosas, en la vida cotidiana y en las reuniones especiales para la interpretaci\u00f3n y escucha del Bolero, llamadas&nbsp;<em>bohemias&nbsp;<\/em>en M\u00e9xico y&nbsp;<em>descargas&nbsp;<\/em>o&nbsp;<em>pe\u00f1as&nbsp;<\/em>en Cuba<em>.<\/em><\/p>\n\n\n\n<p>Para Cuba y M\u00e9xico, el Bolero representa una herencia cultural que se transmite dentro de las familias y comunidades, gracias a la tradici\u00f3n oral y por imitaci\u00f3n, raz\u00f3n por la que hoy en d\u00eda es una pr\u00e1ctica cultural viva que sigue desarrollando nuevas composiciones e interpretaciones en escenarios tanto urbanos como rurales, constituyendo una fuente de inspiraci\u00f3n en varios momentos de la vida de sus seguidores y portadores.<\/p>\n\n\n\n<p>El prestigio que ha alcanzado y su apropiaci\u00f3n por diferentes sectores de la poblaci\u00f3n han propiciado su expansi\u00f3n en Am\u00e9rica Latina y otros pa\u00edses de habla hispana, as\u00ed como en otros continentes como Europa y Asia.<\/p>\n","protected":false},"excerpt":{"rendered":"<p>La iniciativa fue impulsada por las comunidades de portadores de M\u00e9xico y Cuba y los gobiernos de ambos pa\u00edses. El 5 de diciembre de 2023, el Comit\u00e9 Intergubernamental para la &hellip; <a href=\"https:\/\/lavereda.com.mx\/index.php\/2023\/12\/07\/el-bolero-ya-es-patrimonio-cultural-inmaterial-de-la-humanidad\/\" class=\"more-link\">Leer m\u00e1s<\/a><\/p>\n","protected":false},"author":1,"featured_media":5654,"comment_status":"open","ping_status":"open","sticky":false,"template":"","format":"standard","meta":{"footnotes":""},"categories":[18,4],"tags":[],"class_list":["post-5653","post","type-post","status-publish","format-standard","has-post-thumbnail","hentry","category-lomasrelevante","category-musica","entry"],"_links":{"self":[{"href":"https:\/\/lavereda.com.mx\/index.php\/wp-json\/wp\/v2\/posts\/5653","targetHints":{"allow":["GET"]}}],"collection":[{"href":"https:\/\/lavereda.com.mx\/index.php\/wp-json\/wp\/v2\/posts"}],"about":[{"href":"https:\/\/lavereda.com.mx\/index.php\/wp-json\/wp\/v2\/types\/post"}],"author":[{"embeddable":true,"href":"https:\/\/lavereda.com.mx\/index.php\/wp-json\/wp\/v2\/users\/1"}],"replies":[{"embeddable":true,"href":"https:\/\/lavereda.com.mx\/index.php\/wp-json\/wp\/v2\/comments?post=5653"}],"version-history":[{"count":2,"href":"https:\/\/lavereda.com.mx\/index.php\/wp-json\/wp\/v2\/posts\/5653\/revisions"}],"predecessor-version":[{"id":5656,"href":"https:\/\/lavereda.com.mx\/index.php\/wp-json\/wp\/v2\/posts\/5653\/revisions\/5656"}],"wp:featuredmedia":[{"embeddable":true,"href":"https:\/\/lavereda.com.mx\/index.php\/wp-json\/wp\/v2\/media\/5654"}],"wp:attachment":[{"href":"https:\/\/lavereda.com.mx\/index.php\/wp-json\/wp\/v2\/media?parent=5653"}],"wp:term":[{"taxonomy":"category","embeddable":true,"href":"https:\/\/lavereda.com.mx\/index.php\/wp-json\/wp\/v2\/categories?post=5653"},{"taxonomy":"post_tag","embeddable":true,"href":"https:\/\/lavereda.com.mx\/index.php\/wp-json\/wp\/v2\/tags?post=5653"}],"curies":[{"name":"wp","href":"https:\/\/api.w.org\/{rel}","templated":true}]}}