{"id":5636,"date":"2023-12-02T00:10:02","date_gmt":"2023-12-02T00:10:02","guid":{"rendered":"http:\/\/lavereda.com.mx\/?p=5636"},"modified":"2023-12-02T00:10:03","modified_gmt":"2023-12-02T00:10:03","slug":"la-caida-de-la-casa-usher-miniserie","status":"publish","type":"post","link":"https:\/\/lavereda.com.mx\/index.php\/2023\/12\/02\/la-caida-de-la-casa-usher-miniserie\/","title":{"rendered":"La ca\u00edda de la casa Usher (Miniserie)"},"content":{"rendered":"\n<p>The Fall of the House of Usher, 2023<\/p>\n\n\n\n<p>Netflix<\/p>\n\n\n\n<p>Truculenta en su elaboraci\u00f3n, e impecable en su producci\u00f3n, la miniserie de ocho episodios, protagonizada por Bruce Greenwood, se basa en textos del genio literario Edgar Allan Poe, para hablar sobre las desventuras de una familia corrupta, degenerada y maldita.<\/p>\n\n\n\n<p>Los Usher han construido un imperio farmac\u00e9utico en base a fraudes legales que han cometido contra el sistema, aunque fuerzas sobrenaturales se lo est\u00e1n haciendo pagar a un costo alt\u00edsimo.<\/p>\n\n\n\n<p>El tono sobrenatural, con algunas escenas subidas de tono, va marcando la decadencia de esta familia, liderada por dos hermanos mayores, hombre y mujer, que ven c\u00f3mo su descendencia es diezmada en misteriosas y tr\u00e1gicas circunstancias.<\/p>\n\n\n\n<p>Cuando ya la maldici\u00f3n est\u00e1 consumada y la desgracia ha ca\u00eddo sobre todos, el patriarca va narrando los hechos que son contados en retrospectiva.<\/p>\n\n\n\n<p>Es muy intensa, aunque algo lenta.<\/p>\n\n\n\n<p>(NC-17. No apto para menores de 18)<\/p>\n\n\n\n<p>@LucianoCamposG<\/p>\n\n\n\n<figure class=\"wp-block-embed is-type-video is-provider-youtube wp-block-embed-youtube wp-embed-aspect-16-9 wp-has-aspect-ratio\"><div class=\"wp-block-embed__wrapper\">\n<iframe title=\"La ca\u00edda de la casa Usher (EN ESPA\u00d1OL) | Tr\u00e1iler oficial | Netflix\" width=\"1170\" height=\"658\" src=\"https:\/\/www.youtube.com\/embed\/o1qxOSNHV7w?feature=oembed\" frameborder=\"0\" allow=\"accelerometer; autoplay; clipboard-write; encrypted-media; gyroscope; picture-in-picture; web-share\" allowfullscreen><\/iframe>\n<\/div><\/figure>\n","protected":false},"excerpt":{"rendered":"<p>The Fall of the House of Usher, 2023 Netflix Truculenta en su elaboraci\u00f3n, e impecable en su producci\u00f3n, la miniserie de ocho episodios, protagonizada por Bruce Greenwood, se basa en &hellip; <a href=\"https:\/\/lavereda.com.mx\/index.php\/2023\/12\/02\/la-caida-de-la-casa-usher-miniserie\/\" class=\"more-link\">Leer m\u00e1s<\/a><\/p>\n","protected":false},"author":3,"featured_media":5637,"comment_status":"open","ping_status":"open","sticky":false,"template":"","format":"standard","meta":{"footnotes":""},"categories":[6,7],"tags":[56],"class_list":["post-5636","post","type-post","status-publish","format-standard","has-post-thumbnail","hentry","category-cinetv","category-entretenimiento","tag-netflix","entry"],"_links":{"self":[{"href":"https:\/\/lavereda.com.mx\/index.php\/wp-json\/wp\/v2\/posts\/5636","targetHints":{"allow":["GET"]}}],"collection":[{"href":"https:\/\/lavereda.com.mx\/index.php\/wp-json\/wp\/v2\/posts"}],"about":[{"href":"https:\/\/lavereda.com.mx\/index.php\/wp-json\/wp\/v2\/types\/post"}],"author":[{"embeddable":true,"href":"https:\/\/lavereda.com.mx\/index.php\/wp-json\/wp\/v2\/users\/3"}],"replies":[{"embeddable":true,"href":"https:\/\/lavereda.com.mx\/index.php\/wp-json\/wp\/v2\/comments?post=5636"}],"version-history":[{"count":1,"href":"https:\/\/lavereda.com.mx\/index.php\/wp-json\/wp\/v2\/posts\/5636\/revisions"}],"predecessor-version":[{"id":5638,"href":"https:\/\/lavereda.com.mx\/index.php\/wp-json\/wp\/v2\/posts\/5636\/revisions\/5638"}],"wp:featuredmedia":[{"embeddable":true,"href":"https:\/\/lavereda.com.mx\/index.php\/wp-json\/wp\/v2\/media\/5637"}],"wp:attachment":[{"href":"https:\/\/lavereda.com.mx\/index.php\/wp-json\/wp\/v2\/media?parent=5636"}],"wp:term":[{"taxonomy":"category","embeddable":true,"href":"https:\/\/lavereda.com.mx\/index.php\/wp-json\/wp\/v2\/categories?post=5636"},{"taxonomy":"post_tag","embeddable":true,"href":"https:\/\/lavereda.com.mx\/index.php\/wp-json\/wp\/v2\/tags?post=5636"}],"curies":[{"name":"wp","href":"https:\/\/api.w.org\/{rel}","templated":true}]}}