{"id":5625,"date":"2023-11-29T00:34:59","date_gmt":"2023-11-29T00:34:59","guid":{"rendered":"http:\/\/lavereda.com.mx\/?p=5625"},"modified":"2023-11-29T00:35:01","modified_gmt":"2023-11-29T00:35:01","slug":"presentaran-lectura-en-atril-de-los-monologos-de-gaza","status":"publish","type":"post","link":"https:\/\/lavereda.com.mx\/index.php\/2023\/11\/29\/presentaran-lectura-en-atril-de-los-monologos-de-gaza\/","title":{"rendered":"Presentar\u00e1n lectura en atril de \u201cLos Mon\u00f3logos de Gaza\u201d"},"content":{"rendered":"\n<p>Un grupo de actrices y actores laguneros de la Compa\u00f1\u00eda Amargo teatro, se han unido a la petici\u00f3n Ashtar Theatre de Palestina, para realizar la lectura en atril de \u00abLos Mon\u00f3logos de Gaza\u00bb, este 29 de noviembre de 2023; D\u00eda Internacional de la Solidaridad con el Pueblo Palestino.<\/p>\n\n\n\n<p>Un d\u00eda significativo para aquellos que valoran la justicia, la igualdad y la libertad para el pueblo&nbsp;palestino.<\/p>\n\n\n\n<p>La lectura de Los Mon\u00f3logos de Gaza, se realizar\u00e1 este pr\u00f3ximo mi\u00e9rcoles a las 20:00 horas, en La Est\u00e9tica Foro Esc\u00e9nico, ubicado en Av. Presidente Carranza 1965 Oriente, con entrada libre.<\/p>\n\n\n\n<p>Una de las actrices participantes, Tere Simental, coment\u00f3 que hace unos d\u00edas recibieron la invitaci\u00f3n de replicar estos mon\u00f3logos, que son una iniciativa de Ashtar theatre.<\/p>\n\n\n\n<p>En 2010 en conjunto con j\u00f3venes de Gaza los escribieron y desde ese a\u00f1o se ha buscado que en la mayor parte del mundo se repliquen en el d\u00eda internacional de la solidaridad con el pueblo palestino.<\/p>\n\n\n\n<p>Los Mon\u00f3logos de Gaza son testimonios escritos por j\u00f3venes despu\u00e9s de la primera guerra en la Franja de Gaza.<\/p>\n\n\n\n<blockquote class=\"wp-block-quote is-layout-flow wp-block-quote-is-layout-flow\"><p>\u201cTr\u00e1gicamente, estos mon\u00f3logos siguen siendo precisos hoy en d\u00eda. Est\u00e1n destacando los horrores, esperanzas y resistencia de los valientes de Gaza ante una audiencia m\u00e1s amplia, sacando a relucir las voces de los ni\u00f1os, ni\u00f1as y gente en Gaza\u201d, expresan los autores.<\/p><\/blockquote>\n\n\n\n<p>Desde octubre de 2010 hasta la fecha, m\u00e1s de 2000 j\u00f3venes de todo el mundo en m\u00e1s de 80 ciudades de 40 pa\u00edses han presentado los mon\u00f3logos que son traducidos a 18 idiomas.<\/p>\n","protected":false},"excerpt":{"rendered":"<p>Un grupo de actrices y actores laguneros de la Compa\u00f1\u00eda Amargo teatro, se han unido a la petici\u00f3n Ashtar Theatre de Palestina, para realizar la lectura en atril de \u00abLos &hellip; <a href=\"https:\/\/lavereda.com.mx\/index.php\/2023\/11\/29\/presentaran-lectura-en-atril-de-los-monologos-de-gaza\/\" class=\"more-link\">Leer m\u00e1s<\/a><\/p>\n","protected":false},"author":9,"featured_media":5627,"comment_status":"open","ping_status":"open","sticky":false,"template":"","format":"standard","meta":{"footnotes":""},"categories":[2,18],"tags":[88,89,36],"class_list":["post-5625","post","type-post","status-publish","format-standard","has-post-thumbnail","hentry","category-artes-escenicas","category-lomasrelevante","tag-gaza","tag-palestina","tag-teatro","entry"],"_links":{"self":[{"href":"https:\/\/lavereda.com.mx\/index.php\/wp-json\/wp\/v2\/posts\/5625","targetHints":{"allow":["GET"]}}],"collection":[{"href":"https:\/\/lavereda.com.mx\/index.php\/wp-json\/wp\/v2\/posts"}],"about":[{"href":"https:\/\/lavereda.com.mx\/index.php\/wp-json\/wp\/v2\/types\/post"}],"author":[{"embeddable":true,"href":"https:\/\/lavereda.com.mx\/index.php\/wp-json\/wp\/v2\/users\/9"}],"replies":[{"embeddable":true,"href":"https:\/\/lavereda.com.mx\/index.php\/wp-json\/wp\/v2\/comments?post=5625"}],"version-history":[{"count":2,"href":"https:\/\/lavereda.com.mx\/index.php\/wp-json\/wp\/v2\/posts\/5625\/revisions"}],"predecessor-version":[{"id":5628,"href":"https:\/\/lavereda.com.mx\/index.php\/wp-json\/wp\/v2\/posts\/5625\/revisions\/5628"}],"wp:featuredmedia":[{"embeddable":true,"href":"https:\/\/lavereda.com.mx\/index.php\/wp-json\/wp\/v2\/media\/5627"}],"wp:attachment":[{"href":"https:\/\/lavereda.com.mx\/index.php\/wp-json\/wp\/v2\/media?parent=5625"}],"wp:term":[{"taxonomy":"category","embeddable":true,"href":"https:\/\/lavereda.com.mx\/index.php\/wp-json\/wp\/v2\/categories?post=5625"},{"taxonomy":"post_tag","embeddable":true,"href":"https:\/\/lavereda.com.mx\/index.php\/wp-json\/wp\/v2\/tags?post=5625"}],"curies":[{"name":"wp","href":"https:\/\/api.w.org\/{rel}","templated":true}]}}