{"id":5605,"date":"2023-11-23T01:55:25","date_gmt":"2023-11-23T01:55:25","guid":{"rendered":"http:\/\/lavereda.com.mx\/?p=5605"},"modified":"2023-11-23T01:55:26","modified_gmt":"2023-11-23T01:55:26","slug":"el-centro-de-artes-del-norte-invita-a-nuevos-talleres","status":"publish","type":"post","link":"https:\/\/lavereda.com.mx\/index.php\/2023\/11\/23\/el-centro-de-artes-del-norte-invita-a-nuevos-talleres\/","title":{"rendered":"El Centro de Artes del Norte invita a nuevos talleres"},"content":{"rendered":"\n<p>El Centro de Artes del Norte (CAN) invita a participar en nuevos talleres de Arte Sonoro con Hugo Sol\u00eds y Procesos Creativos y T\u00e9cnicas de Impresi\u00f3n Fotogr\u00e1fica; con Nirvana Paz. Los talleristas son artistas invitados de reconocida trayectoria.<\/p>\n\n\n\n<p>Los talleres iniciar\u00e1n el 28 y 29 de noviembre en el CAN, ubicado en Casa La Morelos en el Centro Hist\u00f3rico.<\/p>\n\n\n\n<p>Hugo Sol\u00eds es un artista electr\u00f3nico, doctor en Filosof\u00eda (Arte digital y medios experimentales) por la Universidad de Washington Centro de Arte digital y Medios Experimentales, DEA en Ciencias Computacionales y Comunicaci\u00f3n digital, Maestro de Ciencia en las artes por el Instituto de Tecnolog\u00eda de Massachusetts, Licenciado en Piano por la UNAM.<\/p>\n\n\n\n<p>Su m\u00e1s reciente participaci\u00f3n fue en el Concierto Inmersivo Multicanal \u201cDeconstrucciones\u201d en el Centro Cultural y Acad\u00e9mico Teatro Casa de la Paz en CDMX, octubre 2023.<\/p>\n\n\n\n<p>Nirvana Paz es artista visual, egresada de la Universidad Veracruzana y actualmente cursando la maestr\u00eda en filosof\u00eda por el Colegio de Saberes, CDMX. Ha realizado 12 exposiciones individuales y ha participado en m\u00e1s de 40 exposiciones colectivas en M\u00e9xico y en el extranjero. Siendo la m\u00e1s reciente exposici\u00f3n individual \u201cSeres Urbanos\u201d en el Museo de la Ciudad de M\u00e9xico, M\u00e9xico, 2019.<\/p>\n\n\n\n<p>Ha recibido numerosos reconocimientos y becas entre las que destacan: Ganadora del concurso Cuerpo y fruta por la embajada de Francia en M\u00e9xico, Primer lugar IV sal\u00f3n de fotograf\u00eda contempor\u00e1nea, Guadalajara Jalisco. Menci\u00f3n honor\u00edfica por la III Bienal de Puebla y selecci\u00f3n VI y IV Bienal de Artes Visuales de Yucat\u00e1n, Bienal de Paisaje 2017, Bienal de Animaci\u00f3n, Puebla 2018, entre las m\u00e1s recientes.<\/p>\n\n\n\n<p>Mayores informes en la p\u00e1gina www.facebook.com\/centrodeartesdelnorte<\/p>\n\n\n\n<p><\/p>\n\n\n\n<p><\/p>\n","protected":false},"excerpt":{"rendered":"<p>El Centro de Artes del Norte (CAN) invita a participar en nuevos talleres de Arte Sonoro con Hugo Sol\u00eds y Procesos Creativos y T\u00e9cnicas de Impresi\u00f3n Fotogr\u00e1fica; con Nirvana Paz. &hellip; <a href=\"https:\/\/lavereda.com.mx\/index.php\/2023\/11\/23\/el-centro-de-artes-del-norte-invita-a-nuevos-talleres\/\" class=\"more-link\">Leer m\u00e1s<\/a><\/p>\n","protected":false},"author":9,"featured_media":5607,"comment_status":"open","ping_status":"open","sticky":false,"template":"","format":"standard","meta":{"footnotes":""},"categories":[3,18],"tags":[],"class_list":["post-5605","post","type-post","status-publish","format-standard","has-post-thumbnail","hentry","category-artes-visuales","category-lomasrelevante","entry"],"_links":{"self":[{"href":"https:\/\/lavereda.com.mx\/index.php\/wp-json\/wp\/v2\/posts\/5605","targetHints":{"allow":["GET"]}}],"collection":[{"href":"https:\/\/lavereda.com.mx\/index.php\/wp-json\/wp\/v2\/posts"}],"about":[{"href":"https:\/\/lavereda.com.mx\/index.php\/wp-json\/wp\/v2\/types\/post"}],"author":[{"embeddable":true,"href":"https:\/\/lavereda.com.mx\/index.php\/wp-json\/wp\/v2\/users\/9"}],"replies":[{"embeddable":true,"href":"https:\/\/lavereda.com.mx\/index.php\/wp-json\/wp\/v2\/comments?post=5605"}],"version-history":[{"count":2,"href":"https:\/\/lavereda.com.mx\/index.php\/wp-json\/wp\/v2\/posts\/5605\/revisions"}],"predecessor-version":[{"id":5608,"href":"https:\/\/lavereda.com.mx\/index.php\/wp-json\/wp\/v2\/posts\/5605\/revisions\/5608"}],"wp:featuredmedia":[{"embeddable":true,"href":"https:\/\/lavereda.com.mx\/index.php\/wp-json\/wp\/v2\/media\/5607"}],"wp:attachment":[{"href":"https:\/\/lavereda.com.mx\/index.php\/wp-json\/wp\/v2\/media?parent=5605"}],"wp:term":[{"taxonomy":"category","embeddable":true,"href":"https:\/\/lavereda.com.mx\/index.php\/wp-json\/wp\/v2\/categories?post=5605"},{"taxonomy":"post_tag","embeddable":true,"href":"https:\/\/lavereda.com.mx\/index.php\/wp-json\/wp\/v2\/tags?post=5605"}],"curies":[{"name":"wp","href":"https:\/\/api.w.org\/{rel}","templated":true}]}}