{"id":5601,"date":"2023-11-22T17:30:49","date_gmt":"2023-11-22T17:30:49","guid":{"rendered":"http:\/\/lavereda.com.mx\/?p=5601"},"modified":"2023-11-22T17:30:51","modified_gmt":"2023-11-22T17:30:51","slug":"el-mexicano-mauricio-nader-cierra-el-festival-de-piano-del-tim","status":"publish","type":"post","link":"https:\/\/lavereda.com.mx\/index.php\/2023\/11\/22\/el-mexicano-mauricio-nader-cierra-el-festival-de-piano-del-tim\/","title":{"rendered":"El mexicano Mauricio Nader cierra el Festival de Piano del TIM"},"content":{"rendered":"\n<p>Con el concierto del pianista Mauricio N\u00e0der cierra el 15\u00ba Festival Internacional de Piano del Teatro Isauro Mart\u00ednez, este jueves 23 de noviembre a las 20:00 horas.<\/p>\n\n\n\n<p>Este festival ha reunido a lo m\u00e1s destacado en la interpretaci\u00f3n pian\u00edstica a nivel mundial en la Comarca Lagunera.<\/p>\n\n\n\n<p>El pianista mexicano Mauricio N\u00e1der se ha presentado exitosamente en M\u00e9xico, Estados Unidos, Canad\u00e1, Alemania, Bulgaria, Espa\u00f1a, Francia, Italia, Noruega, Portugal, Belice, Brasil, Colombia, Costa Rica, Cuba, Ecuador, Per\u00fa, Puerto Rico, El Salvador, China, L\u00edbano y Pakist\u00e1n. Ha contribuido a la difusi\u00f3n de la M\u00fasica Mexicana en escenarios como el Banco Interamericano de Desarrollo\/BID (Washington), Spivey Hall (Atlanta), Jay Pritzker Pavilion\/Millennium Park (Chicago), Americas Society (Nueva York), Semanas de M\u00fasica de la Fundaci\u00f3n Pr\u00edncipe de Asturias (Asturias), Oslo Konserthus (Oslo), l&#8217;H\u00f4tel National des Invalides (Par\u00eds), Centro Cultural de Belem (Lisboa), Teatro Municipal (R\u00edo de Janeiro), Art Institute of Chicago, Teatro S\u00e1nchez Aguilar (Guayaquil), National Center for the Performing Arts (Beijing, China) y muchos m\u00e1s.<\/p>\n\n\n\n<p>A los 19 a\u00f1os de edad debut\u00f3 en el Palacio de Bellas Artes como solista de la Orquesta Sinf\u00f3nica Nacional y 10 a\u00f1os m\u00e1s tarde obtuvo el Primer Lugar en el Concurso Internacional de Piano \u00abBart\u00f3k-Kabalevsky\u00bb (EUA). Su trabajo se puede apreciar en m\u00e1s de 30 CDs y actualmente forma parte del Grupo de Concertistas del Instituto Nacional de Bellas Artes (INBA) en calidad de \u201cPrimer Concertino\u201d.<\/p>\n\n\n\n<p>El maestro N\u00e1der se form\u00f3 en el Conservatorio Nacional de M\u00fasica,\u00a0\u00a0la Escuela de M\u00fasica de la Universidad de Houston y la Eastman School of Music. Sus maestros fueron Carlos Bueno, Mar\u00eda Teresa Rodr\u00edguez, Nancy Weems y Anton Nel.<\/p>\n\n\n\n<p>El programa que ofrecer\u00e1 incluye obras de Mario Lavista, Edvard Grieg, Manuel de Falla y obras de su propia autor\u00eda.<\/p>\n","protected":false},"excerpt":{"rendered":"<p>Con el concierto del pianista Mauricio N\u00e0der cierra el 15\u00ba Festival Internacional de Piano del Teatro Isauro Mart\u00ednez, este jueves 23 de noviembre a las 20:00 horas. Este festival ha &hellip; <a href=\"https:\/\/lavereda.com.mx\/index.php\/2023\/11\/22\/el-mexicano-mauricio-nader-cierra-el-festival-de-piano-del-tim\/\" class=\"more-link\">Leer m\u00e1s<\/a><\/p>\n","protected":false},"author":9,"featured_media":5603,"comment_status":"open","ping_status":"open","sticky":false,"template":"","format":"standard","meta":{"footnotes":""},"categories":[18,4],"tags":[],"class_list":["post-5601","post","type-post","status-publish","format-standard","has-post-thumbnail","hentry","category-lomasrelevante","category-musica","entry"],"_links":{"self":[{"href":"https:\/\/lavereda.com.mx\/index.php\/wp-json\/wp\/v2\/posts\/5601","targetHints":{"allow":["GET"]}}],"collection":[{"href":"https:\/\/lavereda.com.mx\/index.php\/wp-json\/wp\/v2\/posts"}],"about":[{"href":"https:\/\/lavereda.com.mx\/index.php\/wp-json\/wp\/v2\/types\/post"}],"author":[{"embeddable":true,"href":"https:\/\/lavereda.com.mx\/index.php\/wp-json\/wp\/v2\/users\/9"}],"replies":[{"embeddable":true,"href":"https:\/\/lavereda.com.mx\/index.php\/wp-json\/wp\/v2\/comments?post=5601"}],"version-history":[{"count":2,"href":"https:\/\/lavereda.com.mx\/index.php\/wp-json\/wp\/v2\/posts\/5601\/revisions"}],"predecessor-version":[{"id":5604,"href":"https:\/\/lavereda.com.mx\/index.php\/wp-json\/wp\/v2\/posts\/5601\/revisions\/5604"}],"wp:featuredmedia":[{"embeddable":true,"href":"https:\/\/lavereda.com.mx\/index.php\/wp-json\/wp\/v2\/media\/5603"}],"wp:attachment":[{"href":"https:\/\/lavereda.com.mx\/index.php\/wp-json\/wp\/v2\/media?parent=5601"}],"wp:term":[{"taxonomy":"category","embeddable":true,"href":"https:\/\/lavereda.com.mx\/index.php\/wp-json\/wp\/v2\/categories?post=5601"},{"taxonomy":"post_tag","embeddable":true,"href":"https:\/\/lavereda.com.mx\/index.php\/wp-json\/wp\/v2\/tags?post=5601"}],"curies":[{"name":"wp","href":"https:\/\/api.w.org\/{rel}","templated":true}]}}