{"id":559,"date":"2020-09-05T15:55:48","date_gmt":"2020-09-05T15:55:48","guid":{"rendered":"http:\/\/lavereda.com.mx\/?p=559"},"modified":"2020-09-07T21:09:28","modified_gmt":"2020-09-07T21:09:28","slug":"banda-municipal-de-torreon-transmite-concierto-en-vivo","status":"publish","type":"post","link":"https:\/\/lavereda.com.mx\/index.php\/2020\/09\/05\/banda-municipal-de-torreon-transmite-concierto-en-vivo\/","title":{"rendered":"Banda Municipal de Torre\u00f3n transmite concierto en vivo"},"content":{"rendered":"\n<p>El Teatro Isauro Mart\u00ednez y la Direcci\u00f3n General de Cultura invitan a disfrutar la&nbsp;&nbsp;en transmisi\u00f3n en vivo&nbsp;&nbsp;de La Banda Municipal de Torre\u00f3n&nbsp;&nbsp;este pr\u00f3ximo&nbsp;&nbsp;mi\u00e9rcoles nueve de septiembre a las 19:00 horas, a trav\u00e9s de la p\u00e1gina de facebook del teatro.<\/p>\n\n\n\n<p>La Banda Municipal dirigida por el Maestro Juan Barrios interpretar\u00e1 un repertorio muy vers\u00e1til, con temas de grandes bandas, m\u00fasica mexicana, m\u00fasica latina, entre otros g\u00e9neros musicales.<\/p>\n\n\n\n<p>La Banda Municipal de Torre\u00f3n fue fundada en 1917 con Samuel H. Mercado como primer director. A mediados de la d\u00e9cada de los cincuenta la Banda se vio enriquecida con la inclusi\u00f3n de m\u00fasicos de destacada formaci\u00f3n bajo la direcci\u00f3n Gonzalo Villase\u00f1or Aguilar y posteriormente Ernesto Villegas Garc\u00eda.<\/p>\n\n\n\n<p>A partir de 1992, la Banda Municipal qued\u00f3 a cargo de No\u00e9 Villase\u00f1or, quien hasta mayo de 2010 fue su director. A partir de entonces es dirigida por el maestro Juan Manuel Barrios Ch\u00e1vez. Actualmente la banda est\u00e1 integrada por 34 m\u00fasicos laguneros.<\/p>\n\n\n\n<p>La transmisi\u00f3n de este concierto se realizar\u00e1 el pr\u00f3ximo mi\u00e9rcoles 9 de septiembre a las 19:00hrs. a trav\u00e9s de la pagina de faccebook<\/p>\n\n\n\n<figure class=\"wp-block-embed-facebook wp-block-embed\"><div class=\"wp-block-embed__wrapper\">\nhttps:\/\/www.facebook.com\/Teatro.isauro.martinez\/.\n<\/div><\/figure>\n","protected":false},"excerpt":{"rendered":"<p>El Teatro Isauro Mart\u00ednez y la Direcci\u00f3n General de Cultura invitan a disfrutar la  en transmisi\u00f3n en vivo  de La Banda Municipal de Torre\u00f3n<\/p>\n","protected":false},"author":1,"featured_media":565,"comment_status":"open","ping_status":"open","sticky":false,"template":"","format":"standard","meta":{"footnotes":""},"categories":[11,18],"tags":[],"class_list":["post-559","post","type-post","status-publish","format-standard","has-post-thumbnail","hentry","category-agenda","category-lomasrelevante","entry"],"_links":{"self":[{"href":"https:\/\/lavereda.com.mx\/index.php\/wp-json\/wp\/v2\/posts\/559","targetHints":{"allow":["GET"]}}],"collection":[{"href":"https:\/\/lavereda.com.mx\/index.php\/wp-json\/wp\/v2\/posts"}],"about":[{"href":"https:\/\/lavereda.com.mx\/index.php\/wp-json\/wp\/v2\/types\/post"}],"author":[{"embeddable":true,"href":"https:\/\/lavereda.com.mx\/index.php\/wp-json\/wp\/v2\/users\/1"}],"replies":[{"embeddable":true,"href":"https:\/\/lavereda.com.mx\/index.php\/wp-json\/wp\/v2\/comments?post=559"}],"version-history":[{"count":2,"href":"https:\/\/lavereda.com.mx\/index.php\/wp-json\/wp\/v2\/posts\/559\/revisions"}],"predecessor-version":[{"id":566,"href":"https:\/\/lavereda.com.mx\/index.php\/wp-json\/wp\/v2\/posts\/559\/revisions\/566"}],"wp:featuredmedia":[{"embeddable":true,"href":"https:\/\/lavereda.com.mx\/index.php\/wp-json\/wp\/v2\/media\/565"}],"wp:attachment":[{"href":"https:\/\/lavereda.com.mx\/index.php\/wp-json\/wp\/v2\/media?parent=559"}],"wp:term":[{"taxonomy":"category","embeddable":true,"href":"https:\/\/lavereda.com.mx\/index.php\/wp-json\/wp\/v2\/categories?post=559"},{"taxonomy":"post_tag","embeddable":true,"href":"https:\/\/lavereda.com.mx\/index.php\/wp-json\/wp\/v2\/tags?post=559"}],"curies":[{"name":"wp","href":"https:\/\/api.w.org\/{rel}","templated":true}]}}