{"id":5589,"date":"2023-11-13T22:18:17","date_gmt":"2023-11-13T22:18:17","guid":{"rendered":"http:\/\/lavereda.com.mx\/?p=5589"},"modified":"2023-11-13T22:19:05","modified_gmt":"2023-11-13T22:19:05","slug":"la-compania-mezquite-presenta-permanencias","status":"publish","type":"post","link":"https:\/\/lavereda.com.mx\/index.php\/2023\/11\/13\/la-compania-mezquite-presenta-permanencias\/","title":{"rendered":"La compa\u00f1\u00eda Mezquite presenta \u00abPermanencias\u00bb"},"content":{"rendered":"\n<p>\u00abPermanencias\u00bb es el nombre del programa que <strong>Mezquite Danza Contempor\u00e1nea<\/strong>, presentar\u00e1 en el Teatro Isauro Mart\u00ednez este martes 14 de noviembre a las 20:00 horas, en el marco de su 26 aniversario.<\/p>\n\n\n\n<p>La compa\u00f1\u00eda permanece desde hace un poco m\u00e1s de cinco lustros haciendo danza, coment\u00f3 su director Jaime Hinojosa. \u00abEstructura sus programas con diversas visiones coreogr\u00e1ficas y construye as\u00ed una identidad propia. Fiel a s\u00ed misma, forma maestros, bailarines, core\u00f3grafos y crea p\u00fablicos. &nbsp;Veintis\u00e9is a\u00f1os de permanecer en pie frente a los pocos apoyos que no permanecen, de ser pacientes, de ser un mezquite\u00bb.<\/p>\n\n\n\n<p>El programa incluye dos coreograf\u00edas que permanecen y, que por lo mismo, se bailaron en el Teatro de la danza del INBAL en agosto pasado dentro de la temporada \u201cConsagrados\u201d: de Mizraim Araujo, <em>\u201cLo que mi o\u00eddo toca se convierte en silencio\u201d<\/em> y de Jaime Hinojosa (Premio nacional de Danza 2023), <em>\u201cCanicular<\/em>\u201d. <\/p>\n\n\n\n<p>El director agreg\u00f3 que se incluyen tambi\u00e9n dos coreograf\u00edas de Sara Ovalle que marcan el inicio de su madurez creativa: <em>\u201cHan yo\u201d<\/em> <em>-seres h\u00edbridos que poseen sangre humana y sangre animal-, <\/em>estreno, Aqueronte. De Judith T\u00e9llez <em>\u201cMe tomo la vida de un solo trago\u201d, <\/em>que magistral y sensiblemente interpreta Berenice Ovalle.<\/p>\n\n\n\n<p>La entrada es gratuita.<\/p>\n","protected":false},"excerpt":{"rendered":"<p>\u00abPermanencias\u00bb es el nombre del programa que Mezquite Danza Contempor\u00e1nea, presentar\u00e1 en el Teatro Isauro Mart\u00ednez este martes 14 de noviembre a las 20:00 horas, en el marco de su &hellip; <a href=\"https:\/\/lavereda.com.mx\/index.php\/2023\/11\/13\/la-compania-mezquite-presenta-permanencias\/\" class=\"more-link\">Leer m\u00e1s<\/a><\/p>\n","protected":false},"author":9,"featured_media":5590,"comment_status":"open","ping_status":"open","sticky":false,"template":"","format":"standard","meta":{"footnotes":""},"categories":[2,18],"tags":[],"class_list":["post-5589","post","type-post","status-publish","format-standard","has-post-thumbnail","hentry","category-artes-escenicas","category-lomasrelevante","entry"],"_links":{"self":[{"href":"https:\/\/lavereda.com.mx\/index.php\/wp-json\/wp\/v2\/posts\/5589","targetHints":{"allow":["GET"]}}],"collection":[{"href":"https:\/\/lavereda.com.mx\/index.php\/wp-json\/wp\/v2\/posts"}],"about":[{"href":"https:\/\/lavereda.com.mx\/index.php\/wp-json\/wp\/v2\/types\/post"}],"author":[{"embeddable":true,"href":"https:\/\/lavereda.com.mx\/index.php\/wp-json\/wp\/v2\/users\/9"}],"replies":[{"embeddable":true,"href":"https:\/\/lavereda.com.mx\/index.php\/wp-json\/wp\/v2\/comments?post=5589"}],"version-history":[{"count":4,"href":"https:\/\/lavereda.com.mx\/index.php\/wp-json\/wp\/v2\/posts\/5589\/revisions"}],"predecessor-version":[{"id":5594,"href":"https:\/\/lavereda.com.mx\/index.php\/wp-json\/wp\/v2\/posts\/5589\/revisions\/5594"}],"wp:featuredmedia":[{"embeddable":true,"href":"https:\/\/lavereda.com.mx\/index.php\/wp-json\/wp\/v2\/media\/5590"}],"wp:attachment":[{"href":"https:\/\/lavereda.com.mx\/index.php\/wp-json\/wp\/v2\/media?parent=5589"}],"wp:term":[{"taxonomy":"category","embeddable":true,"href":"https:\/\/lavereda.com.mx\/index.php\/wp-json\/wp\/v2\/categories?post=5589"},{"taxonomy":"post_tag","embeddable":true,"href":"https:\/\/lavereda.com.mx\/index.php\/wp-json\/wp\/v2\/tags?post=5589"}],"curies":[{"name":"wp","href":"https:\/\/api.w.org\/{rel}","templated":true}]}}