{"id":5573,"date":"2023-11-10T22:30:49","date_gmt":"2023-11-10T22:30:49","guid":{"rendered":"http:\/\/lavereda.com.mx\/?p=5573"},"modified":"2023-11-10T22:30:50","modified_gmt":"2023-11-10T22:30:50","slug":"sonido-de-libertad","status":"publish","type":"post","link":"https:\/\/lavereda.com.mx\/index.php\/2023\/11\/10\/sonido-de-libertad\/","title":{"rendered":"Sonido de libertad"},"content":{"rendered":"\n<p>Sound of freedom, 2023<\/p>\n\n\n\n<p>Prime Video<\/p>\n\n\n\n<p>Tim Ballard (Jim Caviezel), duro polic\u00eda federal de Estados Unidos, se encarga de perseguir y atrapar delincuentes sexuales. Su especialidad es la peor escoria del planeta, pues le echa el guante a traficantes de ni\u00f1os, violadores, pervertidos, pederastas y depredadores.<\/p>\n\n\n\n<p>Un d\u00eda se entera el caso de varios ni\u00f1os que han sido secuestrados por una banda de criminales, que los ofrecen para la satisfacci\u00f3n de monstruos adinerados.<\/p>\n\n\n\n<p>Ante la falta de respaldo, renuncia a su trabajo y se mete en una misi\u00f3n suicida para recuperarlos en la selva, donde se encuentran atrapados y al servicio de un bar\u00f3n de la droga depravado.<\/p>\n\n\n\n<p>Con muchos toques de acci\u00f3n, la pel\u00edcula es como una pel\u00edcula de Unicef, para prevenir el abuso sexual infantil. Es propaganda con buenas intenciones y se vende como la incre\u00edble historia real de Tim, que ha hecho una fundaci\u00f3n para el rescate de las v\u00edctimas de la trata,<\/p>\n\n\n\n<p>Interesante, pero hay que observar con reserva su enfoque panfletario del pa\u00eds que va a salvar al mundo de los peligros, y su enfoque cristiano.<\/p>\n\n\n\n<p>(PG-13. Orientaci\u00f3n de los padres a menores de 13 a\u00f1os)<\/p>\n\n\n\n<p>@LucianoCamposG<\/p>\n\n\n\n<figure class=\"wp-block-embed is-type-video is-provider-youtube wp-block-embed-youtube wp-embed-aspect-16-9 wp-has-aspect-ratio\"><div class=\"wp-block-embed__wrapper\">\n<iframe title=\"Sonido de Libertad (Sound of Freedom) Trailer oficial en espa\u00f1ol.\" width=\"1170\" height=\"658\" src=\"https:\/\/www.youtube.com\/embed\/H82uvLvszQ0?start=16&#038;feature=oembed\" frameborder=\"0\" allow=\"accelerometer; autoplay; clipboard-write; encrypted-media; gyroscope; picture-in-picture; web-share\" allowfullscreen><\/iframe>\n<\/div><\/figure>\n","protected":false},"excerpt":{"rendered":"<p>Sound of freedom, 2023 Prime Video Tim Ballard (Jim Caviezel), duro polic\u00eda federal de Estados Unidos, se encarga de perseguir y atrapar delincuentes sexuales. Su especialidad es la peor escoria &hellip; <a href=\"https:\/\/lavereda.com.mx\/index.php\/2023\/11\/10\/sonido-de-libertad\/\" class=\"more-link\">Leer m\u00e1s<\/a><\/p>\n","protected":false},"author":3,"featured_media":5574,"comment_status":"open","ping_status":"open","sticky":false,"template":"","format":"standard","meta":{"footnotes":""},"categories":[6,7,18],"tags":[],"class_list":["post-5573","post","type-post","status-publish","format-standard","has-post-thumbnail","hentry","category-cinetv","category-entretenimiento","category-lomasrelevante","entry"],"_links":{"self":[{"href":"https:\/\/lavereda.com.mx\/index.php\/wp-json\/wp\/v2\/posts\/5573","targetHints":{"allow":["GET"]}}],"collection":[{"href":"https:\/\/lavereda.com.mx\/index.php\/wp-json\/wp\/v2\/posts"}],"about":[{"href":"https:\/\/lavereda.com.mx\/index.php\/wp-json\/wp\/v2\/types\/post"}],"author":[{"embeddable":true,"href":"https:\/\/lavereda.com.mx\/index.php\/wp-json\/wp\/v2\/users\/3"}],"replies":[{"embeddable":true,"href":"https:\/\/lavereda.com.mx\/index.php\/wp-json\/wp\/v2\/comments?post=5573"}],"version-history":[{"count":1,"href":"https:\/\/lavereda.com.mx\/index.php\/wp-json\/wp\/v2\/posts\/5573\/revisions"}],"predecessor-version":[{"id":5575,"href":"https:\/\/lavereda.com.mx\/index.php\/wp-json\/wp\/v2\/posts\/5573\/revisions\/5575"}],"wp:featuredmedia":[{"embeddable":true,"href":"https:\/\/lavereda.com.mx\/index.php\/wp-json\/wp\/v2\/media\/5574"}],"wp:attachment":[{"href":"https:\/\/lavereda.com.mx\/index.php\/wp-json\/wp\/v2\/media?parent=5573"}],"wp:term":[{"taxonomy":"category","embeddable":true,"href":"https:\/\/lavereda.com.mx\/index.php\/wp-json\/wp\/v2\/categories?post=5573"},{"taxonomy":"post_tag","embeddable":true,"href":"https:\/\/lavereda.com.mx\/index.php\/wp-json\/wp\/v2\/tags?post=5573"}],"curies":[{"name":"wp","href":"https:\/\/api.w.org\/{rel}","templated":true}]}}