{"id":5564,"date":"2023-11-08T16:51:45","date_gmt":"2023-11-08T16:51:45","guid":{"rendered":"http:\/\/lavereda.com.mx\/?p=5564"},"modified":"2023-11-09T16:19:58","modified_gmt":"2023-11-09T16:19:58","slug":"de-cordova-para-el-mundo-taller-de-letras-argentinas","status":"publish","type":"post","link":"https:\/\/lavereda.com.mx\/index.php\/2023\/11\/08\/de-cordova-para-el-mundo-taller-de-letras-argentinas\/","title":{"rendered":"De C\u00f3rdova para el mundo: Taller de Letras Argentinas"},"content":{"rendered":"\n<p>El \u00c1rea de Intercambio de la IBERO Torre\u00f3n y Momentos en Prosa, tendr\u00e1 este jueves 9 de noviembre en punto de las 15:20 la segunda sesi\u00f3n del Taller de Letras Argentinas impartido por Mar\u00eda Sol Galoviche, estudiante de intercambio de Argentina.&nbsp;<\/p>\n\n\n\n<p>Todas las personas son bienvenidas a participar en sus dos modalidades: h\u00edbrida a trav\u00e9s de un link y presencial en la biblioteca de la Universidad Iberoamericana campus Torre\u00f3n.<\/p>\n\n\n\n<p>De primera, se busca acercar lecturas breves de autores\/as argentinos\/as contempor\u00e1neos. En segunda instancia, se espera proponer una insignia creativa que motive la creaci\u00f3n literaria de los\/las participantes.<\/p>\n\n\n\n<p>En este taller, Sol Galoviche proporciona un espacio c\u00f3modo para escritores emergentes, o cualquier persona interesada en la literatura; para leer, escribir y compartir sus textos con la finalidad de fomentar la creatividad por medio del respeto, la empat\u00eda y la igualdad entre sus integrantes. No se busca la perfecci\u00f3n, sino m\u00e1s bien un acercamiento a la literatura a trav\u00e9s de la creatividad.&nbsp;<\/p>\n\n\n","protected":false},"excerpt":{"rendered":"<p>El \u00c1rea de Intercambio de la IBERO Torre\u00f3n y Momentos en Prosa, tendr\u00e1 este jueves 9 de noviembre en punto de las 15:20 la segunda sesi\u00f3n del Taller de Letras &hellip; <a href=\"https:\/\/lavereda.com.mx\/index.php\/2023\/11\/08\/de-cordova-para-el-mundo-taller-de-letras-argentinas\/\" class=\"more-link\">Leer m\u00e1s<\/a><\/p>\n","protected":false},"author":20,"featured_media":5565,"comment_status":"open","ping_status":"open","sticky":false,"template":"","format":"standard","meta":{"footnotes":""},"categories":[5,18],"tags":[],"class_list":["post-5564","post","type-post","status-publish","format-standard","has-post-thumbnail","hentry","category-letras-y-libros","category-lomasrelevante","entry"],"_links":{"self":[{"href":"https:\/\/lavereda.com.mx\/index.php\/wp-json\/wp\/v2\/posts\/5564","targetHints":{"allow":["GET"]}}],"collection":[{"href":"https:\/\/lavereda.com.mx\/index.php\/wp-json\/wp\/v2\/posts"}],"about":[{"href":"https:\/\/lavereda.com.mx\/index.php\/wp-json\/wp\/v2\/types\/post"}],"author":[{"embeddable":true,"href":"https:\/\/lavereda.com.mx\/index.php\/wp-json\/wp\/v2\/users\/20"}],"replies":[{"embeddable":true,"href":"https:\/\/lavereda.com.mx\/index.php\/wp-json\/wp\/v2\/comments?post=5564"}],"version-history":[{"count":2,"href":"https:\/\/lavereda.com.mx\/index.php\/wp-json\/wp\/v2\/posts\/5564\/revisions"}],"predecessor-version":[{"id":5570,"href":"https:\/\/lavereda.com.mx\/index.php\/wp-json\/wp\/v2\/posts\/5564\/revisions\/5570"}],"wp:featuredmedia":[{"embeddable":true,"href":"https:\/\/lavereda.com.mx\/index.php\/wp-json\/wp\/v2\/media\/5565"}],"wp:attachment":[{"href":"https:\/\/lavereda.com.mx\/index.php\/wp-json\/wp\/v2\/media?parent=5564"}],"wp:term":[{"taxonomy":"category","embeddable":true,"href":"https:\/\/lavereda.com.mx\/index.php\/wp-json\/wp\/v2\/categories?post=5564"},{"taxonomy":"post_tag","embeddable":true,"href":"https:\/\/lavereda.com.mx\/index.php\/wp-json\/wp\/v2\/tags?post=5564"}],"curies":[{"name":"wp","href":"https:\/\/api.w.org\/{rel}","templated":true}]}}