{"id":5561,"date":"2023-11-07T14:09:28","date_gmt":"2023-11-07T14:09:28","guid":{"rendered":"http:\/\/lavereda.com.mx\/?p=5561"},"modified":"2023-11-07T14:09:30","modified_gmt":"2023-11-07T14:09:30","slug":"presentan-exposicion-sobre-el-pasado-de-torreon","status":"publish","type":"post","link":"https:\/\/lavereda.com.mx\/index.php\/2023\/11\/07\/presentan-exposicion-sobre-el-pasado-de-torreon\/","title":{"rendered":"Presentan exposici\u00f3n sobre el pasado de Torre\u00f3n"},"content":{"rendered":"\n<p>\u201cPasado, memoria e identidad\u201d, es el lema de la pr\u00f3xima exposici\u00f3n fotogr\u00e1fica a inaugurarse este mi\u00e9rcoles 8 de noviembre a las 19:00 hrs en las instalaciones de CAN en Casa Morelos. A trav\u00e9s de la colecci\u00f3n de Hartford H. Miller y preservada por Beatriz Gonz\u00e1lez Navarro de Montemayor.<\/p>\n\n\n\n<p>El evento coordinado por el Centro de Artes del Norte, expone una mirada retrospectiva hacia el pasado para generar una identidad regional y proyectarla hacia el futuro. Tambi\u00e9n se espera reencontrar a las audiencias con las ra\u00edces de la ciudad de Torre\u00f3n, en una exposici\u00f3n fotogr\u00e1fica anecd\u00f3tica de distintos rasgos que constituyeron la creaci\u00f3n de una ciudad: la conformaci\u00f3n del paisaje urbano, los procesos industriales y el papel de la mujer en distintas actividades en aquel momento.<\/p>\n\n\n\n<p>La directora del Archivo Cultural, Cinthia Gaspar Montero, asegura que la colecci\u00f3n de Beatriz es reconocida a nivel nacional e internacional por el registro de la Revoluci\u00f3n Mexicana desde un enfoque hist\u00f3rico, mostrando la cotidianidad de la \u00e9poca. Cabe destacar que Beatriz fue la segunda mujer piloto a nivel nacional y fundadora del Museo Regional de la Laguna, lugar que preserva la historia y caracter\u00edsticas de lo que se conoce de Torre\u00f3n.&nbsp;<\/p>\n\n\n\n<p>Hartford H. Miller fue un reconocido empresario y fot\u00f3grafo que radic\u00f3 en Torre\u00f3n desde el siglo XX hasta inicios de los sesenta. En sus fotograf\u00edas se expone el panorama bajo el cual se dio el g\u00e9nesis de la ciudad, como fue el surgimiento de empresas, las corridas de toros, las festividades y los dif\u00edciles momentos de la revoluci\u00f3n Mexicana.&nbsp;<\/p>\n\n\n\n<p>Este ejercicio de memoria estar\u00e1 abierto al p\u00fablico hasta el d\u00eda 31 de diciembre del presente a\u00f1o.<\/p>\n","protected":false},"excerpt":{"rendered":"<p>\u201cPasado, memoria e identidad\u201d, es el lema de la pr\u00f3xima exposici\u00f3n fotogr\u00e1fica a inaugurarse este mi\u00e9rcoles 8 de noviembre a las 19:00 hrs en las instalaciones de CAN en Casa &hellip; <a href=\"https:\/\/lavereda.com.mx\/index.php\/2023\/11\/07\/presentan-exposicion-sobre-el-pasado-de-torreon\/\" class=\"more-link\">Leer m\u00e1s<\/a><\/p>\n","protected":false},"author":20,"featured_media":5562,"comment_status":"open","ping_status":"open","sticky":false,"template":"","format":"standard","meta":{"footnotes":""},"categories":[3,18],"tags":[],"class_list":["post-5561","post","type-post","status-publish","format-standard","has-post-thumbnail","hentry","category-artes-visuales","category-lomasrelevante","entry"],"_links":{"self":[{"href":"https:\/\/lavereda.com.mx\/index.php\/wp-json\/wp\/v2\/posts\/5561","targetHints":{"allow":["GET"]}}],"collection":[{"href":"https:\/\/lavereda.com.mx\/index.php\/wp-json\/wp\/v2\/posts"}],"about":[{"href":"https:\/\/lavereda.com.mx\/index.php\/wp-json\/wp\/v2\/types\/post"}],"author":[{"embeddable":true,"href":"https:\/\/lavereda.com.mx\/index.php\/wp-json\/wp\/v2\/users\/20"}],"replies":[{"embeddable":true,"href":"https:\/\/lavereda.com.mx\/index.php\/wp-json\/wp\/v2\/comments?post=5561"}],"version-history":[{"count":1,"href":"https:\/\/lavereda.com.mx\/index.php\/wp-json\/wp\/v2\/posts\/5561\/revisions"}],"predecessor-version":[{"id":5563,"href":"https:\/\/lavereda.com.mx\/index.php\/wp-json\/wp\/v2\/posts\/5561\/revisions\/5563"}],"wp:featuredmedia":[{"embeddable":true,"href":"https:\/\/lavereda.com.mx\/index.php\/wp-json\/wp\/v2\/media\/5562"}],"wp:attachment":[{"href":"https:\/\/lavereda.com.mx\/index.php\/wp-json\/wp\/v2\/media?parent=5561"}],"wp:term":[{"taxonomy":"category","embeddable":true,"href":"https:\/\/lavereda.com.mx\/index.php\/wp-json\/wp\/v2\/categories?post=5561"},{"taxonomy":"post_tag","embeddable":true,"href":"https:\/\/lavereda.com.mx\/index.php\/wp-json\/wp\/v2\/tags?post=5561"}],"curies":[{"name":"wp","href":"https:\/\/api.w.org\/{rel}","templated":true}]}}