{"id":5555,"date":"2023-11-03T18:12:48","date_gmt":"2023-11-03T18:12:48","guid":{"rendered":"http:\/\/lavereda.com.mx\/?p=5555"},"modified":"2023-11-03T18:12:50","modified_gmt":"2023-11-03T18:12:50","slug":"iniciara-el-10-festival-cultural-cieslag","status":"publish","type":"post","link":"https:\/\/lavereda.com.mx\/index.php\/2023\/11\/03\/iniciara-el-10-festival-cultural-cieslag\/","title":{"rendered":"Iniciar\u00e1 el 10 Festival Cultural CIESLAG"},"content":{"rendered":"\n<p>La Comunidad de Instituciones de Educaci\u00f3n Superior de La Laguna A.C. anunci\u00f3 la 10\u00aa. edici\u00f3n el Festival Cultural CIESALG, que se inaugura el lunes 6 de noviembre y culmina el viernes 10 de noviembre.<\/p>\n\n\n\n<p>Este a\u00f1o ser\u00e1n 15 las instituciones participantes.<\/p>\n\n\n\n<p>La sede para la inauguraci\u00f3n de este evento el lunes 6 de noviembre a las 18:00 horas ser\u00e1 el Teatro Alvarado de G\u00f3mez Palacio, en el que se presentar\u00e1n n\u00fameros de danza en diversos g\u00e9neros, n\u00famero musicales desde ensamble, rondalla y grupos norte\u00f1os, de libre acceso para la comunidad estudiantil y p\u00fablico en general.<\/p>\n\n\n\n<p>En la inauguraci\u00f3n participan 8 universidades con n\u00fameros de baile y m\u00fasica: Universidad Aut\u00f3noma de Coahuila, Universidad Iberoamericana, Instituto&nbsp; MEZE, Instituto Tecnol\u00f3gico Superior de Lerdo, Instituto Tecnol\u00f3gico de la Laguna, UANE y la Universidad Tecnol\u00f3gica de la Laguna Durango.<\/p>\n\n\n\n<p>El festival CIESLAG tendr\u00e1 como sede diversas instituciones educativas de martes a jueves. Se contar\u00e1 con m\u00e1s de 30 representaciones art\u00edsticas durante 5 d\u00edas, en las que se involucran m\u00e1s de 200 estudiantes, de Lerdo, G\u00f3mez Palacio, Torre\u00f3n y San Pedro de las Colonias.<\/p>\n","protected":false},"excerpt":{"rendered":"<p>La Comunidad de Instituciones de Educaci\u00f3n Superior de La Laguna A.C. anunci\u00f3 la 10\u00aa. edici\u00f3n el Festival Cultural CIESALG, que se inaugura el lunes 6 de noviembre y culmina el &hellip; <a href=\"https:\/\/lavereda.com.mx\/index.php\/2023\/11\/03\/iniciara-el-10-festival-cultural-cieslag\/\" class=\"more-link\">Leer m\u00e1s<\/a><\/p>\n","protected":false},"author":9,"featured_media":5556,"comment_status":"open","ping_status":"open","sticky":false,"template":"","format":"standard","meta":{"footnotes":""},"categories":[2,18],"tags":[],"class_list":["post-5555","post","type-post","status-publish","format-standard","has-post-thumbnail","hentry","category-artes-escenicas","category-lomasrelevante","entry"],"_links":{"self":[{"href":"https:\/\/lavereda.com.mx\/index.php\/wp-json\/wp\/v2\/posts\/5555","targetHints":{"allow":["GET"]}}],"collection":[{"href":"https:\/\/lavereda.com.mx\/index.php\/wp-json\/wp\/v2\/posts"}],"about":[{"href":"https:\/\/lavereda.com.mx\/index.php\/wp-json\/wp\/v2\/types\/post"}],"author":[{"embeddable":true,"href":"https:\/\/lavereda.com.mx\/index.php\/wp-json\/wp\/v2\/users\/9"}],"replies":[{"embeddable":true,"href":"https:\/\/lavereda.com.mx\/index.php\/wp-json\/wp\/v2\/comments?post=5555"}],"version-history":[{"count":1,"href":"https:\/\/lavereda.com.mx\/index.php\/wp-json\/wp\/v2\/posts\/5555\/revisions"}],"predecessor-version":[{"id":5557,"href":"https:\/\/lavereda.com.mx\/index.php\/wp-json\/wp\/v2\/posts\/5555\/revisions\/5557"}],"wp:featuredmedia":[{"embeddable":true,"href":"https:\/\/lavereda.com.mx\/index.php\/wp-json\/wp\/v2\/media\/5556"}],"wp:attachment":[{"href":"https:\/\/lavereda.com.mx\/index.php\/wp-json\/wp\/v2\/media?parent=5555"}],"wp:term":[{"taxonomy":"category","embeddable":true,"href":"https:\/\/lavereda.com.mx\/index.php\/wp-json\/wp\/v2\/categories?post=5555"},{"taxonomy":"post_tag","embeddable":true,"href":"https:\/\/lavereda.com.mx\/index.php\/wp-json\/wp\/v2\/tags?post=5555"}],"curies":[{"name":"wp","href":"https:\/\/api.w.org\/{rel}","templated":true}]}}