{"id":5549,"date":"2023-11-01T01:21:24","date_gmt":"2023-11-01T01:21:24","guid":{"rendered":"http:\/\/lavereda.com.mx\/?p=5549"},"modified":"2023-11-01T01:21:25","modified_gmt":"2023-11-01T01:21:25","slug":"el-mictlan-te-espera","status":"publish","type":"post","link":"https:\/\/lavereda.com.mx\/index.php\/2023\/11\/01\/el-mictlan-te-espera\/","title":{"rendered":"\u00a1El Mictl\u00e1n te espera!"},"content":{"rendered":"\n<p>En torno a las celebraciones por el D\u00eda de Muertos, el programa Cultura Comunitaria de la Secretar\u00eda de cultura del Gobierno de M\u00e9xico te invita a participar en las m\u00e1s de 200 actividades gratuitas, entre las que podr\u00e1s disfrutar de exposiciones de arte, obras de teatro, montajes de altares de D\u00eda de Muertos, redacci\u00f3n de calaveritas literarias, degustaci\u00f3n de tamales, \u00a1entre muchas otras m\u00e1s!<\/p>\n\n\n\n<p>Las actividades tomar\u00e1n lugar del 25 de octubre hasta el 10 de noviembre, a trav\u00e9s de las cuales sus participantes podr\u00e1n conocer diversos personajes hist\u00f3ricos de la localidad. Reviviendo los recuerdos y memorias de quienes se adelantaron en el camino.<\/p>\n\n\n\n<p>El martes 31 de Octubre a las 15:30 hrs en el Centro social deportivo \u201cAgua Blancas\u201d de Hidalgo, habr\u00e1 un recorrido de leyendas tradicionales por las calles de la comunidad de Aguas Blancas, a cargo del Semillero Creativo de Teatro y Lengua en Zimap\u00e1n, presentar\u00e1n la obra de teatro <em>El valle de los recuerdos<\/em>, de Sa\u00fal Rodr\u00edguez y el stop motion del cuento D\u00eda de Muertos, de Iv\u00e1n Da Coll. Para finalizar con un concurso de intervenci\u00f3n de cr\u00e1neos de yeso.<\/p>\n\n\n\n<p>El 2 de noviembre a las 14:00 hrs, el Semillero Creativo de Fotograf\u00eda proyectar\u00e1 20 im\u00e1genes conmemorativas en el Festival Tradicional de D\u00eda de Muertos, que tendr\u00e1 lugar en la explanada de la Unidad Cultural \u201cProf. Jes\u00fas Castro Agund\u00e9z\u201d.<\/p>\n\n\n\n<p>Ese mismo d\u00eda en la regi\u00f3n sur, el Semillero Creativo de Cartoner\u00eda de Chochol\u00e1, Yucat\u00e1n, tendr\u00e1 una exposici\u00f3n de alebrijes y catrinas fabricadas con el arte de la cartoner\u00eda. En el Centro Cultural Casa AMARYYA a las 16:00 hrs.<\/p>\n\n\n\n<p>Tambi\u00e9n en esa fecha, en Nayarit, el Semillero Creativo de Cultura O\u2019dam y Pintura en Huajicori dar\u00e1 un taller de elaboraci\u00f3n y decoraci\u00f3n de cruces de madera al estilo O\u2019dam, posteriormente ser\u00e1n llevadas al pante\u00f3n de la comunidad. A la par, se realizar\u00e1n dise\u00f1os de catrinas en papel que despu\u00e9s ser\u00e1n plasmados por las y los integrantes del Semillero, en la cara y cuerpo de sus compa\u00f1eros. Esta \u00faltima actividad tendr\u00e1 lugar en el aula de educaci\u00f3n inicial de San Andr\u00e9s Milpillas a las 16:00 hrs.<\/p>\n\n\n\n<p>Para m\u00e1s informaci\u00f3n de las actividades y festejos, puedes consultar las redes sociales de @VinculaCultura y en <a href=\"http:\/\/www.culturacomunitaria.gob.mx\/\">www.culturacomunitaria.gob.mx<\/a> y <a href=\"http:\/\/mexicoescultura.com.mx\/\">mexicoescultura.com.mx<\/a><\/p>\n","protected":false},"excerpt":{"rendered":"<p>En torno a las celebraciones por el D\u00eda de Muertos, el programa Cultura Comunitaria de la Secretar\u00eda de cultura del Gobierno de M\u00e9xico te invita a participar en las m\u00e1s &hellip; <a href=\"https:\/\/lavereda.com.mx\/index.php\/2023\/11\/01\/el-mictlan-te-espera\/\" class=\"more-link\">Leer m\u00e1s<\/a><\/p>\n","protected":false},"author":20,"featured_media":5550,"comment_status":"open","ping_status":"open","sticky":false,"template":"","format":"standard","meta":{"footnotes":""},"categories":[3,18],"tags":[],"class_list":["post-5549","post","type-post","status-publish","format-standard","has-post-thumbnail","hentry","category-artes-visuales","category-lomasrelevante","entry"],"_links":{"self":[{"href":"https:\/\/lavereda.com.mx\/index.php\/wp-json\/wp\/v2\/posts\/5549","targetHints":{"allow":["GET"]}}],"collection":[{"href":"https:\/\/lavereda.com.mx\/index.php\/wp-json\/wp\/v2\/posts"}],"about":[{"href":"https:\/\/lavereda.com.mx\/index.php\/wp-json\/wp\/v2\/types\/post"}],"author":[{"embeddable":true,"href":"https:\/\/lavereda.com.mx\/index.php\/wp-json\/wp\/v2\/users\/20"}],"replies":[{"embeddable":true,"href":"https:\/\/lavereda.com.mx\/index.php\/wp-json\/wp\/v2\/comments?post=5549"}],"version-history":[{"count":1,"href":"https:\/\/lavereda.com.mx\/index.php\/wp-json\/wp\/v2\/posts\/5549\/revisions"}],"predecessor-version":[{"id":5551,"href":"https:\/\/lavereda.com.mx\/index.php\/wp-json\/wp\/v2\/posts\/5549\/revisions\/5551"}],"wp:featuredmedia":[{"embeddable":true,"href":"https:\/\/lavereda.com.mx\/index.php\/wp-json\/wp\/v2\/media\/5550"}],"wp:attachment":[{"href":"https:\/\/lavereda.com.mx\/index.php\/wp-json\/wp\/v2\/media?parent=5549"}],"wp:term":[{"taxonomy":"category","embeddable":true,"href":"https:\/\/lavereda.com.mx\/index.php\/wp-json\/wp\/v2\/categories?post=5549"},{"taxonomy":"post_tag","embeddable":true,"href":"https:\/\/lavereda.com.mx\/index.php\/wp-json\/wp\/v2\/tags?post=5549"}],"curies":[{"name":"wp","href":"https:\/\/api.w.org\/{rel}","templated":true}]}}