{"id":5546,"date":"2023-11-01T01:15:30","date_gmt":"2023-11-01T01:15:30","guid":{"rendered":"http:\/\/lavereda.com.mx\/?p=5546"},"modified":"2023-11-01T01:15:30","modified_gmt":"2023-11-01T01:15:30","slug":"bonne-nuit-una-noche-de-musica-francesa","status":"publish","type":"post","link":"https:\/\/lavereda.com.mx\/index.php\/2023\/11\/01\/bonne-nuit-una-noche-de-musica-francesa\/","title":{"rendered":"\u00a1Bonne nuit! Una noche de m\u00fasica francesa"},"content":{"rendered":"\n<p>Una inolvidable interpretaci\u00f3n est\u00e1 por darse en el ic\u00f3nico escenario del Teatro Isauro Martinez, a cargo del aclamado pianista de origen franc\u00e9s: Jean-Fr\u00e9d\u00e9ric Neuburger, quien ha tocado en orquestas de nivel internacional y ha sido aclamado por la cr\u00edtica mundial. Habiendo interpretado sus obras de c\u00e1mara en lugares como: el Lincoln Center, el Festival de Lucerna, el Musikverein de Viena, el Auditorio del Louvre, la Sage Gateshead, entre muchos otros.<\/p>\n\n\n\n<p>La cita es este mi\u00e9rcoles 8 de noviembre a las 20:30 horas, en el marco del 15\u00b0 Festival Internacional de Piano del Teatro Isauro Mart\u00ednez, Jean-Fr\u00e9d\u00e9ric contar\u00e1 en su programa con la L. Van Beethoven Sonata en Si bemol Mayor, Op. 106 \u201cHammerklavier\u201d y Allegro &#8211; Scherzo &#8211; Adagio sostenuto &#8211; Largo.<\/p>\n\n\n\n<p>Nacido en 1986 en Par\u00eds, desde muy chico empez\u00f3 a estudiar \u00f3rgano, piano y composici\u00f3n antes de entrar a los 13 a\u00f1os al Conservatorio Nacional de M\u00fasica y Danza de Par\u00eds, del que ahora es profesor de acompa\u00f1amiento en el aula Naida Boulanger y organiza numerosos eventos art\u00edsticos. Profesionalmente se ha realizado como compositor, ha grabado dos discos dedicados a Chopin y otros con obras de Czerny, Beethoven, Brahms, Herold, Liszt, Barraqu\u00e9, Debussy, Ravel y sus propias composiciones para el sello Mirare.<\/p>\n\n\n\n<p>El teatro les espera para disfrutar de una velada de m\u00fasica cl\u00e1sica con toques contempor\u00e1neos, un evento que tanto j\u00f3venes como adultos podr\u00e1n disfrutar. Los boletos ya est\u00e1n disponibles en newticket.com. Te invitamos a permanecer atentos de los pr\u00f3ximos eventos en cartelera.<\/p>\n","protected":false},"excerpt":{"rendered":"<p>Una inolvidable interpretaci\u00f3n est\u00e1 por darse en el ic\u00f3nico escenario del Teatro Isauro Martinez, a cargo del aclamado pianista de origen franc\u00e9s: Jean-Fr\u00e9d\u00e9ric Neuburger, quien ha tocado en orquestas de &hellip; <a href=\"https:\/\/lavereda.com.mx\/index.php\/2023\/11\/01\/bonne-nuit-una-noche-de-musica-francesa\/\" class=\"more-link\">Leer m\u00e1s<\/a><\/p>\n","protected":false},"author":20,"featured_media":5547,"comment_status":"open","ping_status":"open","sticky":false,"template":"","format":"standard","meta":{"footnotes":""},"categories":[18,4],"tags":[],"class_list":["post-5546","post","type-post","status-publish","format-standard","has-post-thumbnail","hentry","category-lomasrelevante","category-musica","entry"],"_links":{"self":[{"href":"https:\/\/lavereda.com.mx\/index.php\/wp-json\/wp\/v2\/posts\/5546","targetHints":{"allow":["GET"]}}],"collection":[{"href":"https:\/\/lavereda.com.mx\/index.php\/wp-json\/wp\/v2\/posts"}],"about":[{"href":"https:\/\/lavereda.com.mx\/index.php\/wp-json\/wp\/v2\/types\/post"}],"author":[{"embeddable":true,"href":"https:\/\/lavereda.com.mx\/index.php\/wp-json\/wp\/v2\/users\/20"}],"replies":[{"embeddable":true,"href":"https:\/\/lavereda.com.mx\/index.php\/wp-json\/wp\/v2\/comments?post=5546"}],"version-history":[{"count":1,"href":"https:\/\/lavereda.com.mx\/index.php\/wp-json\/wp\/v2\/posts\/5546\/revisions"}],"predecessor-version":[{"id":5548,"href":"https:\/\/lavereda.com.mx\/index.php\/wp-json\/wp\/v2\/posts\/5546\/revisions\/5548"}],"wp:featuredmedia":[{"embeddable":true,"href":"https:\/\/lavereda.com.mx\/index.php\/wp-json\/wp\/v2\/media\/5547"}],"wp:attachment":[{"href":"https:\/\/lavereda.com.mx\/index.php\/wp-json\/wp\/v2\/media?parent=5546"}],"wp:term":[{"taxonomy":"category","embeddable":true,"href":"https:\/\/lavereda.com.mx\/index.php\/wp-json\/wp\/v2\/categories?post=5546"},{"taxonomy":"post_tag","embeddable":true,"href":"https:\/\/lavereda.com.mx\/index.php\/wp-json\/wp\/v2\/tags?post=5546"}],"curies":[{"name":"wp","href":"https:\/\/api.w.org\/{rel}","templated":true}]}}