{"id":5533,"date":"2023-10-27T22:22:36","date_gmt":"2023-10-27T22:22:36","guid":{"rendered":"http:\/\/lavereda.com.mx\/?p=5533"},"modified":"2023-10-27T22:22:37","modified_gmt":"2023-10-27T22:22:37","slug":"ana-torroja-regalo-un-viaje-en-el-tiempo","status":"publish","type":"post","link":"https:\/\/lavereda.com.mx\/index.php\/2023\/10\/27\/ana-torroja-regalo-un-viaje-en-el-tiempo\/","title":{"rendered":"Ana Torroja regal\u00f3 un viaje en el tiempo"},"content":{"rendered":"\n<p>\u201cSentiros libres para sentir\u201d dijo la cantante espa\u00f1ola Ana Torroja al p\u00fablico lagunero que se dio cita en el Teatro Nazas la noche del jueves, para disfrutar del concierto dentro del tour \u201cVolver\u201d, donde la artista obsequi\u00f3 m\u00e1s de dos horas de una m\u00fasica llena de recuerdos.<\/p>\n\n\n\n<p>Ana Torroja, fundadora del grupo Mecano y ahora una solista con gran trayectoria, luci\u00f3 con una gran energ\u00eda en su actuaci\u00f3n, acompa\u00f1ada de m\u00fasicos mexicanos y una escenograf\u00eda multimedia que rememoraba a los gloriosos a\u00f1os 80\u00b4s.<\/p>\n\n\n\n<p>El concierto comenz\u00f3 con una serie de videos en pantallas de televisi\u00f3n an\u00e1logas, con m\u00fasica de artistas de los a\u00f1os 80\u00b4s. El espect\u00e1culo dio inicio poco despu\u00e9s de las 21:00 horas con el tema \u201cEl cine\u201d y continu\u00f3 con un popurr\u00ed de entra\u00f1ables canciones del grupo Mecano.<\/p>\n\n\n\n<p>Se escucharon temas como \u201cMe col\u00e9 en una fiesta\u201d y \u201cHoy no me puedo levantar\u201d, para continuar despu\u00e9s con una selecci\u00f3n de canciones de sus \u00faltimos discos como solista. Entre ellas, cant\u00f3 \u201cComo sue\u00f1an las sirenas\u201d.<\/p>\n\n\n\n<blockquote class=\"wp-block-quote is-layout-flow wp-block-quote-is-layout-flow\"><p>\u201cEstamos aqu\u00ed para hacer un viaje en el tiempo, que cada quien har\u00e1 a su forma y a su manera\u201d, expres\u00f3 la cantante para dar la bienvenida a un p\u00fablico emocionado, que a mitad del concierto no dej\u00f3 la ocasi\u00f3n para pararse a bailar de sus butacas.<\/p><\/blockquote>\n\n\n\n<p>La de Mecano y Ana Torroja es una m\u00fasica que lleva m\u00e1s de cuatro d\u00e9cadas en el gusto del p\u00fablico, tanto en Am\u00e9rica como en Espa\u00f1a, que no deja de vibrar con el paso del tiempo. Incluso, se comparte de generaci\u00f3n de generaci\u00f3n.<\/p>\n\n\n\n<p>La noche de ayer se vivieron momentos muy emotivos. Uno de ellos fue con la canci\u00f3n \u201cCruz de navajas\u201d y \u201cMujer contra mujer\u201d, donde dej\u00f3 claro que su interpretaci\u00f3n sigue llena de intensidad ante letras que viven en la memoria de tantas personas.<\/p>\n\n\n\n<p>No podr\u00edan faltar temas como \u201cAire\u201d, \u201cLa fuerza del destino\u201d, \u201cBarco a Venus\u201d y \u201cUn a\u00f1o m\u00e1s\u201d. Luego de casi dos horas, Ana se despidi\u00f3, pero para volver con espectacular traje blanco y cantar \u201cHijo de la luna\u201d y \u201cDuele el amor\u201d, que grab\u00f3 con el cantante mexicano Alex Syntek.<\/p>\n","protected":false},"excerpt":{"rendered":"<p>\u201cSentiros libres para sentir\u201d dijo la cantante espa\u00f1ola Ana Torroja al p\u00fablico lagunero que se dio cita en el Teatro Nazas la noche del jueves, para disfrutar del concierto dentro &hellip; <a href=\"https:\/\/lavereda.com.mx\/index.php\/2023\/10\/27\/ana-torroja-regalo-un-viaje-en-el-tiempo\/\" class=\"more-link\">Leer m\u00e1s<\/a><\/p>\n","protected":false},"author":9,"featured_media":5538,"comment_status":"open","ping_status":"open","sticky":false,"template":"","format":"standard","meta":{"footnotes":""},"categories":[2,18,4],"tags":[],"class_list":["post-5533","post","type-post","status-publish","format-standard","has-post-thumbnail","hentry","category-artes-escenicas","category-lomasrelevante","category-musica","entry"],"_links":{"self":[{"href":"https:\/\/lavereda.com.mx\/index.php\/wp-json\/wp\/v2\/posts\/5533","targetHints":{"allow":["GET"]}}],"collection":[{"href":"https:\/\/lavereda.com.mx\/index.php\/wp-json\/wp\/v2\/posts"}],"about":[{"href":"https:\/\/lavereda.com.mx\/index.php\/wp-json\/wp\/v2\/types\/post"}],"author":[{"embeddable":true,"href":"https:\/\/lavereda.com.mx\/index.php\/wp-json\/wp\/v2\/users\/9"}],"replies":[{"embeddable":true,"href":"https:\/\/lavereda.com.mx\/index.php\/wp-json\/wp\/v2\/comments?post=5533"}],"version-history":[{"count":2,"href":"https:\/\/lavereda.com.mx\/index.php\/wp-json\/wp\/v2\/posts\/5533\/revisions"}],"predecessor-version":[{"id":5539,"href":"https:\/\/lavereda.com.mx\/index.php\/wp-json\/wp\/v2\/posts\/5533\/revisions\/5539"}],"wp:featuredmedia":[{"embeddable":true,"href":"https:\/\/lavereda.com.mx\/index.php\/wp-json\/wp\/v2\/media\/5538"}],"wp:attachment":[{"href":"https:\/\/lavereda.com.mx\/index.php\/wp-json\/wp\/v2\/media?parent=5533"}],"wp:term":[{"taxonomy":"category","embeddable":true,"href":"https:\/\/lavereda.com.mx\/index.php\/wp-json\/wp\/v2\/categories?post=5533"},{"taxonomy":"post_tag","embeddable":true,"href":"https:\/\/lavereda.com.mx\/index.php\/wp-json\/wp\/v2\/tags?post=5533"}],"curies":[{"name":"wp","href":"https:\/\/api.w.org\/{rel}","templated":true}]}}