{"id":5530,"date":"2023-10-27T00:55:39","date_gmt":"2023-10-27T00:55:39","guid":{"rendered":"http:\/\/lavereda.com.mx\/?p=5530"},"modified":"2023-10-27T00:55:39","modified_gmt":"2023-10-27T00:55:39","slug":"lista-la-noche-de-museos-en-torreon","status":"publish","type":"post","link":"https:\/\/lavereda.com.mx\/index.php\/2023\/10\/27\/lista-la-noche-de-museos-en-torreon\/","title":{"rendered":"Lista la Noche de Museos en Torre\u00f3n"},"content":{"rendered":"\n<p>En pocas ocasiones los museos de Torre\u00f3n abren sus puertas en horario nocturno.<\/p>\n\n\n\n<p>Este viernes 27 de octubre se presenta la noche de museos, en la que participan los museos municipales: Museo del ferrocarril, Casa del Cerro, Museo del Algod\u00f3n, Museo de la Moneda, Casa Mud\u00e9jar y Museo de los Metales, en un horario a partir de las 18:00 horas y hasta las 20:00 y 21:00 horas.<\/p>\n\n\n\n<p>El Instituto Municipal de Cultura y Educaci\u00f3n, invita al p\u00fablico en general a disfrutar de una tarde diferente en cada uno de estos espacios.<\/p>\n\n\n\n<p>Se contar\u00e1 con diversas actividades: el canal de la perla presentar\u00e1 las leyendas de la laguna a las 20:00 horas, la casa mud\u00e9jar presentar\u00e1 al grupo de danza Tierra en Movimiento con \u201cRelatos breves de miedos comunes\u201d a las 19:00 horas.<\/p>\n\n\n\n<p>&nbsp;El museo del Ferrocarril presentar\u00e1 al grupo de danza folcl\u00f3rica \u201cYollotli\u201d a las 19:00 horas. El Museo hist\u00f3rico Casa del Cerro, Museo del Algod\u00f3n y Museo de la Moneda estar\u00e1n esperando al p\u00fablico para compartir la historia y el gran acervo que tiene cada uno de ellos.<\/p>\n\n\n\n<p>Este tipo de actividades se realizar\u00e1 una vez al mes para que el p\u00fablico pueda aprovechar a los museos en un horario extendido.<\/p>\n","protected":false},"excerpt":{"rendered":"<p>En pocas ocasiones los museos de Torre\u00f3n abren sus puertas en horario nocturno. Este viernes 27 de octubre se presenta la noche de museos, en la que participan los museos &hellip; <a href=\"https:\/\/lavereda.com.mx\/index.php\/2023\/10\/27\/lista-la-noche-de-museos-en-torreon\/\" class=\"more-link\">Leer m\u00e1s<\/a><\/p>\n","protected":false},"author":9,"featured_media":5531,"comment_status":"open","ping_status":"open","sticky":false,"template":"","format":"standard","meta":{"footnotes":""},"categories":[3,18],"tags":[],"class_list":["post-5530","post","type-post","status-publish","format-standard","has-post-thumbnail","hentry","category-artes-visuales","category-lomasrelevante","entry"],"_links":{"self":[{"href":"https:\/\/lavereda.com.mx\/index.php\/wp-json\/wp\/v2\/posts\/5530","targetHints":{"allow":["GET"]}}],"collection":[{"href":"https:\/\/lavereda.com.mx\/index.php\/wp-json\/wp\/v2\/posts"}],"about":[{"href":"https:\/\/lavereda.com.mx\/index.php\/wp-json\/wp\/v2\/types\/post"}],"author":[{"embeddable":true,"href":"https:\/\/lavereda.com.mx\/index.php\/wp-json\/wp\/v2\/users\/9"}],"replies":[{"embeddable":true,"href":"https:\/\/lavereda.com.mx\/index.php\/wp-json\/wp\/v2\/comments?post=5530"}],"version-history":[{"count":1,"href":"https:\/\/lavereda.com.mx\/index.php\/wp-json\/wp\/v2\/posts\/5530\/revisions"}],"predecessor-version":[{"id":5532,"href":"https:\/\/lavereda.com.mx\/index.php\/wp-json\/wp\/v2\/posts\/5530\/revisions\/5532"}],"wp:featuredmedia":[{"embeddable":true,"href":"https:\/\/lavereda.com.mx\/index.php\/wp-json\/wp\/v2\/media\/5531"}],"wp:attachment":[{"href":"https:\/\/lavereda.com.mx\/index.php\/wp-json\/wp\/v2\/media?parent=5530"}],"wp:term":[{"taxonomy":"category","embeddable":true,"href":"https:\/\/lavereda.com.mx\/index.php\/wp-json\/wp\/v2\/categories?post=5530"},{"taxonomy":"post_tag","embeddable":true,"href":"https:\/\/lavereda.com.mx\/index.php\/wp-json\/wp\/v2\/tags?post=5530"}],"curies":[{"name":"wp","href":"https:\/\/api.w.org\/{rel}","templated":true}]}}