{"id":553,"date":"2020-09-04T17:43:50","date_gmt":"2020-09-04T17:43:50","guid":{"rendered":"http:\/\/lavereda.com.mx\/?p=553"},"modified":"2020-09-05T01:07:07","modified_gmt":"2020-09-05T01:07:07","slug":"cine-tv-bellas-de-noche","status":"publish","type":"post","link":"https:\/\/lavereda.com.mx\/index.php\/2020\/09\/04\/cine-tv-bellas-de-noche\/","title":{"rendered":"Cine TV: Bellas de Noche"},"content":{"rendered":"\n<p><strong>(Beauties of the night, 2016)<\/strong><\/p>\n\n\n\n<p>El documental muestra el estado en que se encuentran, envejecidas, cinco mujeres que dominaron la escena nocturna de M\u00e9xico hace cuatro d\u00e9cadas. Ellas son Lin May, Rossy Mendoza, Olga Breeskin, Princesa Yamal y Wanda Seux.<\/p>\n\n\n\n<p>La pel\u00edcula de Mar\u00eda Jose Cuevas es una reflexi\u00f3n, basada en testimonios honestos, sobre los efectos del tiempo y la caducidad de la fama.<\/p>\n\n\n\n<p>Todas ellas, en su tiempo fueron grandes divas del cabaret. Hicieron prestigio como reinas de la noche y participaron en numerosas pel\u00edculas taquiller\u00edsimas en el subg\u00e9nero de pel\u00edculas de ficheras. Pero con el paso de los a\u00f1os todas enfrentaron la dura realidad: eran buscadas por su belleza f\u00edsica y cuando esta se esfum\u00f3, se fueron los contratos y los reflectores.<\/p>\n\n\n\n<p>Su destino fue el olvido. De acuerdo a sus dram\u00e1ticas confesiones, tarde se dieron cuenta de que dilapidaron las fortunas que acumularon, en una vida r\u00e1pida dominada por los excesos y la b\u00fasqueda del placer.<\/p>\n\n\n\n<p>Bellas de Noche es cruel con sus protagonistas. El contraste de las im\u00e1genes es brutal. La recientemente fallecida Seux termin\u00f3 olvidada e implorando otra oportunidad frente a las c\u00e1maras que no lleg\u00f3. Breeskin se convirti\u00f3 en una motivadora cristiana, arrepentida del desenfreno de la juventud. Y as\u00ed, todas, de forma similar, est\u00e1n retiradas y resignadas a sufrir los estragos que Cronos ha provocado en ellas.<\/p>\n\n\n\n<p>Para entender la pel\u00edcula es indispensable el contexto. Se perder\u00e1 en el relato quien no conozca aquel movimiento de producci\u00f3n cinematogr\u00e1fica de las deplorables sexycomedias mexicanas, que retacaron los cines de espectadores varones que acud\u00edan con el \u00fanico prop\u00f3sito de ver sus esculturales cuerpos desnudos.<\/p>\n\n\n\n<p>Es un buen ejercicio de nostalgia, dirigido a p\u00fablico adulto.<\/p>\n\n\n\n<p>(B. Para adolescentes de 12 a\u00f1os en adelante)<\/p>\n\n\n\n<p>Netflix<\/p>\n\n\n\n<p><em>Twitter @LucianoCamposG<\/em><\/p>\n","protected":false},"excerpt":{"rendered":"<p>El documental muestra el estado en que se encuentran, envejecidas, cinco mujeres que dominaron la escena nocturna de M\u00e9xico hace cuatro d\u00e9cadas. <\/p>\n","protected":false},"author":3,"featured_media":554,"comment_status":"open","ping_status":"open","sticky":false,"template":"","format":"standard","meta":{"footnotes":""},"categories":[6],"tags":[],"class_list":["post-553","post","type-post","status-publish","format-standard","has-post-thumbnail","hentry","category-cinetv","entry"],"_links":{"self":[{"href":"https:\/\/lavereda.com.mx\/index.php\/wp-json\/wp\/v2\/posts\/553","targetHints":{"allow":["GET"]}}],"collection":[{"href":"https:\/\/lavereda.com.mx\/index.php\/wp-json\/wp\/v2\/posts"}],"about":[{"href":"https:\/\/lavereda.com.mx\/index.php\/wp-json\/wp\/v2\/types\/post"}],"author":[{"embeddable":true,"href":"https:\/\/lavereda.com.mx\/index.php\/wp-json\/wp\/v2\/users\/3"}],"replies":[{"embeddable":true,"href":"https:\/\/lavereda.com.mx\/index.php\/wp-json\/wp\/v2\/comments?post=553"}],"version-history":[{"count":1,"href":"https:\/\/lavereda.com.mx\/index.php\/wp-json\/wp\/v2\/posts\/553\/revisions"}],"predecessor-version":[{"id":555,"href":"https:\/\/lavereda.com.mx\/index.php\/wp-json\/wp\/v2\/posts\/553\/revisions\/555"}],"wp:featuredmedia":[{"embeddable":true,"href":"https:\/\/lavereda.com.mx\/index.php\/wp-json\/wp\/v2\/media\/554"}],"wp:attachment":[{"href":"https:\/\/lavereda.com.mx\/index.php\/wp-json\/wp\/v2\/media?parent=553"}],"wp:term":[{"taxonomy":"category","embeddable":true,"href":"https:\/\/lavereda.com.mx\/index.php\/wp-json\/wp\/v2\/categories?post=553"},{"taxonomy":"post_tag","embeddable":true,"href":"https:\/\/lavereda.com.mx\/index.php\/wp-json\/wp\/v2\/tags?post=553"}],"curies":[{"name":"wp","href":"https:\/\/api.w.org\/{rel}","templated":true}]}}