{"id":5526,"date":"2023-10-26T01:03:50","date_gmt":"2023-10-26T01:03:50","guid":{"rendered":"http:\/\/lavereda.com.mx\/?p=5526"},"modified":"2023-10-26T01:03:51","modified_gmt":"2023-10-26T01:03:51","slug":"invitan-al-desfile-del-dia-de-muertos-en-torreon","status":"publish","type":"post","link":"https:\/\/lavereda.com.mx\/index.php\/2023\/10\/26\/invitan-al-desfile-del-dia-de-muertos-en-torreon\/","title":{"rendered":"Invitan al Desfile del D\u00eda de Muertos en Torre\u00f3n"},"content":{"rendered":"\n<p>El Municipio de Torre\u00f3n y el Telef\u00e9rico de nuestra ciudad, convocan al al Desfile del D\u00eda de Muertos Torre\u00f3n 2023, que se realizar\u00e1 el pr\u00f3ximo 3 de noviembre a partir de las 18:00 horas, partiendo desde la calzada Col\u00f3n.<\/p>\n\n\n\n<p>La convocatoria est\u00e1 abierta a centros educativos, academias art\u00edsticas, culturales, deportivas, empresas y p\u00fablico general con el objetivo de conmemorar esta tradici\u00f3n con carros aleg\u00f3ricos, disfraces, catrinas, flores y todo lo alusivo a esta festividad. Deber\u00e1n asistir caracterizados, sin embargo, la vestimenta es libre a la imaginaci\u00f3n de los asistentes que desfilar\u00e1n en comparsa por el centro de la ciudad.&nbsp;&nbsp;<\/p>\n\n\n\n<p>El evento estar\u00e1 amenizado por la Banda Municipal de Torre\u00f3n, quienes estar\u00e1n ejecutando piezas musicales durante el desfile y despu\u00e9s del evento en Plaza Mayor. As\u00ed mismo, se contar\u00e1 con el apoyo de Protecci\u00f3n Civil, Bomberos, Cruz Roja y Seguridad P\u00fablica, para brindar atenci\u00f3n.<\/p>\n\n\n\n<p>En la primera edici\u00f3n de este gran desfile se tuvo una afluencia de 6 mil personas y 600 participantes aproximadamente, por lo que este a\u00f1o se espera superar las cifras de noviembre 2022.<\/p>\n\n\n\n<p>Selina Bremer de Cepeda, Presidenta Honoraria del Sistema para el Desarrollo Integral de la Familia (DIF) Torre\u00f3n, exalt\u00f3 la importancia de hacer equipo con distintas direcciones y conmemorar nuestras culturas y tradiciones.<\/p>\n\n\n\n<p>\u201cLo importante para nosotros es el preservar nuestras tradiciones mexicanas por encima de cualquier otra tradici\u00f3n de otro pa\u00eds y para nosotros el d\u00eda de muertos es un d\u00eda de fiesta, es celebrar a nuestros familiares difuntos y que mejor hacerlo con un desfile en familia\u201d declar\u00f3.&nbsp;<\/p>\n\n\n\n<p>Por su parte el arquitecto Antonio M\u00e9ndez Vigat\u00e1, Director del Instituto Municipal de Torre\u00f3n mencion\u00f3 que:<\/p>\n\n\n\n<p>\u201cEl a\u00f1o pasado tuvo una respuesta sorprendente este evento. Para este a\u00f1o contaremos con 26 caballos, carros aleg\u00f3ricos y una banda musical itinerante. La intenci\u00f3n es que sea una fiesta y que sea familiar, estamos con la seguridad que superaremos los n\u00fameros del a\u00f1o pasado\u201d destac\u00f3.&nbsp;<\/p>\n\n\n\n<p>Las inscripciones son gratuitas y se pueden realizar a trav\u00e9s de la p\u00e1gina de Facebook del Instituto Municipal de Cultura y Educaci\u00f3n y del n\u00famero: 87 12 75 97 52, as\u00ed mismo se puede solicitar m\u00e1s informaci\u00f3n mediante estos canales. El cierre de registro ser\u00e1 hasta el 30 de octubre de 2023.&nbsp;<\/p>\n\n\n\n<p><strong>Punto de reuni\u00f3n<\/strong>: Frente al monumento al Quijote ubicado en Blvd. Independencia y Calzada Col\u00f3n en punto de las 17:00 hrs.&nbsp;<\/p>\n\n\n\n<p><strong>Recorrido:<\/strong>&nbsp;Iniciar\u00e1 a las 18:00 hrs. y comenzar\u00e1 sobre Blvd. Independencia y Paseo Col\u00f3n girando en la Av. Matamoros hasta llegar a Plaza Mayor.&nbsp;&nbsp;<\/p>\n","protected":false},"excerpt":{"rendered":"<p>El Municipio de Torre\u00f3n y el Telef\u00e9rico de nuestra ciudad, convocan al al Desfile del D\u00eda de Muertos Torre\u00f3n 2023, que se realizar\u00e1 el pr\u00f3ximo 3 de noviembre a partir &hellip; <a href=\"https:\/\/lavereda.com.mx\/index.php\/2023\/10\/26\/invitan-al-desfile-del-dia-de-muertos-en-torreon\/\" class=\"more-link\">Leer m\u00e1s<\/a><\/p>\n","protected":false},"author":9,"featured_media":5528,"comment_status":"open","ping_status":"open","sticky":false,"template":"","format":"standard","meta":{"footnotes":""},"categories":[2,18],"tags":[],"class_list":["post-5526","post","type-post","status-publish","format-standard","has-post-thumbnail","hentry","category-artes-escenicas","category-lomasrelevante","entry"],"_links":{"self":[{"href":"https:\/\/lavereda.com.mx\/index.php\/wp-json\/wp\/v2\/posts\/5526","targetHints":{"allow":["GET"]}}],"collection":[{"href":"https:\/\/lavereda.com.mx\/index.php\/wp-json\/wp\/v2\/posts"}],"about":[{"href":"https:\/\/lavereda.com.mx\/index.php\/wp-json\/wp\/v2\/types\/post"}],"author":[{"embeddable":true,"href":"https:\/\/lavereda.com.mx\/index.php\/wp-json\/wp\/v2\/users\/9"}],"replies":[{"embeddable":true,"href":"https:\/\/lavereda.com.mx\/index.php\/wp-json\/wp\/v2\/comments?post=5526"}],"version-history":[{"count":2,"href":"https:\/\/lavereda.com.mx\/index.php\/wp-json\/wp\/v2\/posts\/5526\/revisions"}],"predecessor-version":[{"id":5529,"href":"https:\/\/lavereda.com.mx\/index.php\/wp-json\/wp\/v2\/posts\/5526\/revisions\/5529"}],"wp:featuredmedia":[{"embeddable":true,"href":"https:\/\/lavereda.com.mx\/index.php\/wp-json\/wp\/v2\/media\/5528"}],"wp:attachment":[{"href":"https:\/\/lavereda.com.mx\/index.php\/wp-json\/wp\/v2\/media?parent=5526"}],"wp:term":[{"taxonomy":"category","embeddable":true,"href":"https:\/\/lavereda.com.mx\/index.php\/wp-json\/wp\/v2\/categories?post=5526"},{"taxonomy":"post_tag","embeddable":true,"href":"https:\/\/lavereda.com.mx\/index.php\/wp-json\/wp\/v2\/tags?post=5526"}],"curies":[{"name":"wp","href":"https:\/\/api.w.org\/{rel}","templated":true}]}}