{"id":5514,"date":"2023-10-19T23:33:29","date_gmt":"2023-10-19T23:33:29","guid":{"rendered":"http:\/\/lavereda.com.mx\/?p=5514"},"modified":"2023-10-19T23:33:31","modified_gmt":"2023-10-19T23:33:31","slug":"obra-teatral-el-cadete-presenta-dos-ultimas-funciones","status":"publish","type":"post","link":"https:\/\/lavereda.com.mx\/index.php\/2023\/10\/19\/obra-teatral-el-cadete-presenta-dos-ultimas-funciones\/","title":{"rendered":"Obra teatral El Cadete presenta dos \u00faltimas funciones"},"content":{"rendered":"\n<p>\u201cEl Cadete\u201d es una adaptaci\u00f3n de Enrique Esquivel de la novela italiana Fosca, de Hugo Tarchetti y es la nueva puesta en escena de la compa\u00f1\u00eda LOLA MAR, que tiene sus dos \u00faltimas funciones los pr\u00f3ximos 21 y 28 de octubre, a las 7:30 y 8:30 de la noche en el Museo de la Revoluci\u00f3n.<\/p>\n\n\n\n<p>En las funciones de \u201cEl Cadete\u201d de Enrique Esquivel se transporta al p\u00fablico a inicios del siglo pasado a una m\u00e1gica casa donde vive recluida Fausta, una enfermiza y enigm\u00e1tica mujer que pasa su vida entre cuatro paredes, leyendo, so\u00f1ando con una vida en el exterior, hasta que conoce a Jorge, El Cadete, quien vive una desenfrenada pasi\u00f3n prohibida con Clara, una mujer casada de quien tuvo que alejarse para servir en el ej\u00e9rcito, en las batallas de la Laguna. Pasiones que cambiar\u00e1n la vida de sus protagonistas.<\/p>\n\n\n\n<p>\u201cEl Cadete\u201d, transcurre en un M\u00e9xico imaginario del siglo XX, act\u00faan como Jorge, C\u00e9sar Z\u00e1rate, como &nbsp;Fausta,&nbsp; Ana Carmen Mac\u00edas y Laura Urbina, como Clara, amante del Cadete. &nbsp;El Museo de la Revoluci\u00f3n se encuentra ubicado en Lerdo de Tejada 1029 oriente, centro de Torre\u00f3n.<\/p>\n\n\n\n<p>La fotograf\u00eda es de Daniel Morado, el video de Balo Torres, el apoyo de t\u00e9cnico de Montserrat Fern\u00e1ndez y Jaime Anaya, la producci\u00f3n y promoci\u00f3n de Estefan\u00eda Marrufo.<\/p>\n\n\n\n<p>Para mayores informes se puede llamar al 8711049168, preguntar en las redes sociales del adoratorio LOLA MAR y adquirir boletos en <a href=\"http:\/\/www.missboletos.com\/cadete\">www.missboletos.com\/cadete<\/a> o directamente en el Museo.<\/p>\n","protected":false},"excerpt":{"rendered":"<p>\u201cEl Cadete\u201d es una adaptaci\u00f3n de Enrique Esquivel de la novela italiana Fosca, de Hugo Tarchetti y es la nueva puesta en escena de la compa\u00f1\u00eda LOLA MAR, que tiene &hellip; <a href=\"https:\/\/lavereda.com.mx\/index.php\/2023\/10\/19\/obra-teatral-el-cadete-presenta-dos-ultimas-funciones\/\" class=\"more-link\">Leer m\u00e1s<\/a><\/p>\n","protected":false},"author":9,"featured_media":5515,"comment_status":"open","ping_status":"open","sticky":false,"template":"","format":"standard","meta":{"footnotes":""},"categories":[2,18],"tags":[],"class_list":["post-5514","post","type-post","status-publish","format-standard","has-post-thumbnail","hentry","category-artes-escenicas","category-lomasrelevante","entry"],"_links":{"self":[{"href":"https:\/\/lavereda.com.mx\/index.php\/wp-json\/wp\/v2\/posts\/5514","targetHints":{"allow":["GET"]}}],"collection":[{"href":"https:\/\/lavereda.com.mx\/index.php\/wp-json\/wp\/v2\/posts"}],"about":[{"href":"https:\/\/lavereda.com.mx\/index.php\/wp-json\/wp\/v2\/types\/post"}],"author":[{"embeddable":true,"href":"https:\/\/lavereda.com.mx\/index.php\/wp-json\/wp\/v2\/users\/9"}],"replies":[{"embeddable":true,"href":"https:\/\/lavereda.com.mx\/index.php\/wp-json\/wp\/v2\/comments?post=5514"}],"version-history":[{"count":1,"href":"https:\/\/lavereda.com.mx\/index.php\/wp-json\/wp\/v2\/posts\/5514\/revisions"}],"predecessor-version":[{"id":5516,"href":"https:\/\/lavereda.com.mx\/index.php\/wp-json\/wp\/v2\/posts\/5514\/revisions\/5516"}],"wp:featuredmedia":[{"embeddable":true,"href":"https:\/\/lavereda.com.mx\/index.php\/wp-json\/wp\/v2\/media\/5515"}],"wp:attachment":[{"href":"https:\/\/lavereda.com.mx\/index.php\/wp-json\/wp\/v2\/media?parent=5514"}],"wp:term":[{"taxonomy":"category","embeddable":true,"href":"https:\/\/lavereda.com.mx\/index.php\/wp-json\/wp\/v2\/categories?post=5514"},{"taxonomy":"post_tag","embeddable":true,"href":"https:\/\/lavereda.com.mx\/index.php\/wp-json\/wp\/v2\/tags?post=5514"}],"curies":[{"name":"wp","href":"https:\/\/api.w.org\/{rel}","templated":true}]}}