{"id":5505,"date":"2023-10-14T02:55:18","date_gmt":"2023-10-14T02:55:18","guid":{"rendered":"http:\/\/lavereda.com.mx\/?p=5505"},"modified":"2023-10-14T02:55:18","modified_gmt":"2023-10-14T02:55:18","slug":"en-donde-puedes-ver-el-eclipse-en-torreon","status":"publish","type":"post","link":"https:\/\/lavereda.com.mx\/index.php\/2023\/10\/14\/en-donde-puedes-ver-el-eclipse-en-torreon\/","title":{"rendered":"\u00bfEn d\u00f3nde puedes ver el eclipse en Torre\u00f3n?"},"content":{"rendered":"\n<p>Para el s\u00e1bado 14 de octubre, Torre\u00f3n tendr\u00e1 diversos puntos de observaci\u00f3n para el evento del eclipse solar anular, el cual ser\u00e1 coordinado en materia de turismo, como antesala de lo que ser\u00e1 el eclipse solar de 2024.<\/p>\n\n\n\n<p>Luis T\u00e9llez Montes, director de Turismo y Comercio, se\u00f1al\u00f3 que, aunque el horario marcado para el eclipse es de las 09:23 a las 10:40 horas, habr\u00e1 acceso y actividades previas a partir de las 08:00 horas en sitios como el Telef\u00e9rico y el Observatorio del Puerto Noas.<\/p>\n\n\n\n<p>Otros de los sitios donde se podr\u00e1 observar el fen\u00f3meno astron\u00f3mico ser\u00e1 el<strong> Planetarium, en los museos del Ferrocarril, Casa del Cerro, del Algod\u00f3n, de la Moneda, as\u00ed como en Casa de Cantera y Casa Mud\u00e9jar.<\/strong><\/p>\n\n\n\n<p>Adem\u00e1s en el <strong>Bosque Urbano<\/strong>, lugar que ser\u00e1 la sede principal y que servir\u00e1 de ensayo para lo que ser\u00e1 el evento del pr\u00f3ximo a\u00f1o, el eclipse total, al ser Torre\u00f3n un punto de observaci\u00f3n que eligi\u00f3 la Administraci\u00f3n Nacional de Aeron\u00e1utica y el Espacio (NASA).<\/p>\n\n\n\n<p>El funcionario dijo que para tal ocasi\u00f3n, ya hay una ocupaci\u00f3n hotelera del 90 por ciento en la ciudad, por lo que ya se hacen las preparaciones para recibir a los visitantes.<\/p>\n\n\n\n<p>\u201cEste eclipse parcial ser\u00e1 como la primera prueba piloto para el pr\u00f3ximo a\u00f1o, con el Bosque Urbano como muestra de preparaci\u00f3n y con la capacitaci\u00f3n que se ha brindado por parte del Planetarium en los diferentes puntos de observaci\u00f3n, universidades y museos\u201d, coment\u00f3 el titular.<\/p>\n\n\n\n<p>En ese sentido, recomend\u00f3 a la ciudadan\u00eda seguir los protocolos e indicaciones de las autoridades para proteger su salud visual, como es el no ver directamente el eclipse.<\/p>\n\n\n\n<p>Dijo que se estar\u00e1n entregando filtros solares en los puntos de observaci\u00f3n mencionados, adem\u00e1s de que desde el d\u00eda de hoy personal de la direcci\u00f3n a su cargo est\u00e1 entregando mapas con los puntos de referencia en la ciudad.<\/p>\n","protected":false},"excerpt":{"rendered":"<p>Para el s\u00e1bado 14 de octubre, Torre\u00f3n tendr\u00e1 diversos puntos de observaci\u00f3n para el evento del eclipse solar anular, el cual ser\u00e1 coordinado en materia de turismo, como antesala de &hellip; <a href=\"https:\/\/lavereda.com.mx\/index.php\/2023\/10\/14\/en-donde-puedes-ver-el-eclipse-en-torreon\/\" class=\"more-link\">Leer m\u00e1s<\/a><\/p>\n","protected":false},"author":9,"featured_media":5507,"comment_status":"open","ping_status":"open","sticky":false,"template":"","format":"standard","meta":{"footnotes":""},"categories":[3,18],"tags":[],"class_list":["post-5505","post","type-post","status-publish","format-standard","has-post-thumbnail","hentry","category-artes-visuales","category-lomasrelevante","entry"],"_links":{"self":[{"href":"https:\/\/lavereda.com.mx\/index.php\/wp-json\/wp\/v2\/posts\/5505","targetHints":{"allow":["GET"]}}],"collection":[{"href":"https:\/\/lavereda.com.mx\/index.php\/wp-json\/wp\/v2\/posts"}],"about":[{"href":"https:\/\/lavereda.com.mx\/index.php\/wp-json\/wp\/v2\/types\/post"}],"author":[{"embeddable":true,"href":"https:\/\/lavereda.com.mx\/index.php\/wp-json\/wp\/v2\/users\/9"}],"replies":[{"embeddable":true,"href":"https:\/\/lavereda.com.mx\/index.php\/wp-json\/wp\/v2\/comments?post=5505"}],"version-history":[{"count":1,"href":"https:\/\/lavereda.com.mx\/index.php\/wp-json\/wp\/v2\/posts\/5505\/revisions"}],"predecessor-version":[{"id":5506,"href":"https:\/\/lavereda.com.mx\/index.php\/wp-json\/wp\/v2\/posts\/5505\/revisions\/5506"}],"wp:featuredmedia":[{"embeddable":true,"href":"https:\/\/lavereda.com.mx\/index.php\/wp-json\/wp\/v2\/media\/5507"}],"wp:attachment":[{"href":"https:\/\/lavereda.com.mx\/index.php\/wp-json\/wp\/v2\/media?parent=5505"}],"wp:term":[{"taxonomy":"category","embeddable":true,"href":"https:\/\/lavereda.com.mx\/index.php\/wp-json\/wp\/v2\/categories?post=5505"},{"taxonomy":"post_tag","embeddable":true,"href":"https:\/\/lavereda.com.mx\/index.php\/wp-json\/wp\/v2\/tags?post=5505"}],"curies":[{"name":"wp","href":"https:\/\/api.w.org\/{rel}","templated":true}]}}