{"id":5499,"date":"2023-10-13T01:52:51","date_gmt":"2023-10-13T01:52:51","guid":{"rendered":"http:\/\/lavereda.com.mx\/?p=5499"},"modified":"2023-10-13T01:52:51","modified_gmt":"2023-10-13T01:52:51","slug":"torreon-tendra-la-segunda-feria-del-libro-infantil-y-juvenil","status":"publish","type":"post","link":"https:\/\/lavereda.com.mx\/index.php\/2023\/10\/13\/torreon-tendra-la-segunda-feria-del-libro-infantil-y-juvenil\/","title":{"rendered":"Torre\u00f3n tendr\u00e1 la segunda Feria del Libro Infantil y Juvenil"},"content":{"rendered":"\n<p>En pr\u00f3ximos d\u00edas se presentar\u00e1 la segunda edici\u00f3n de la Feria del Libro Infantil y Juvenil Torre\u00f3n 2023 el18, 19 y 20 de octubre, de las 11:00 a las 19:00 horas en las instalaciones de la Velaria de Ciudad DIF, a espaldas del Bosque Urbano.<\/p>\n\n\n\n<p>Las presentaciones art\u00edsticas se realizar\u00e1n en el marco de la feria en el Teatro del Pueblo que se ubica en su interior.<\/p>\n\n\n\n<p>La Feria del libro Infantil y Juvenil tiene el prop\u00f3sito de fomentar la lectura y apreciaci\u00f3n literaria en la poblaci\u00f3n infantil y juvenil, para contribuir al desarrollo cultural mediante la formaci\u00f3n permanente de la ciudadan\u00eda.<\/p>\n\n\n\n<p>Asimismo, se convoca la participaci\u00f3n activa de las escuelas del municipio con el fin de acercar a su alumnado a cada una de las actividades que se tienen programadas y ser un detonante en el gusto y el h\u00e1bito por la lectura, la escritura, la creaci\u00f3n que refuerce contenidos y habilidades al interior de los salones de clase. Con base en esta premisa se espera que esta edici\u00f3n alcance un aforo de m\u00e1s de 4,200 personas.<\/p>\n\n\n\n<p>Para esta edici\u00f3n&nbsp; participar\u00e1n &nbsp;editoriales locales y nacionales, conferencistas y talleristas de destacada trayectoria, para ofrecer durante tres d\u00edas todo un programa cultural que incluye: La participaci\u00f3n de las editoriales: Gandhi, Trillas, Educal, Fondo de Cultura Econ\u00f3mica, El Principito, N\u00f3mada, Lib\u00e9lula, El Astillero, La Tinta Cafebrer\u00eda, Amonite, Librer\u00eda Aurora, Momento de leer, El Naranjo; todas ellas, con un cat\u00e1logo amplio de libros de corte infantil y juvenil, adem\u00e1s, en el marco de esta feria, se vender\u00e1n los libros a precios m\u00e1s accesibles, contribuyendo as\u00ed lograr el prop\u00f3sito principal de este evento, fomentar la lectura.<\/p>\n\n\n\n<p>Adem\u00e1s, participar\u00e1n en esta feria, autoras y autores destacados a nivel local, regional y nacional, todos ellos, con un amplio perfil en la literatura escrita para estos p\u00fablicos, tal es el caso Mar\u00eda Garc\u00eda Esper\u00f3n (Premio Barco de Vapor 2004, el Premio Hispanoamericano de Poes\u00eda para Ni\u00f1os 2005 y el Premio Latinoamericano de Literatura Juvenil Norma Fundalectura 2007); Itzel Guevara del \u00c1ngel (Ganadora del 7\u00ba Concurso de Cuento Infantil, convocado por el Gobierno del Estado de Veracruz (2017). Premio Bellas Artes de Cuento Hispanoamericano Nellie Campobello 2020). Marisol Vera Guerra, editora y escritora destacada a nivel nacional; Armando Alan\u00eds Pulido (Premio Internacional de Poes\u00eda Nicol\u00e1s Guill\u00e9n 2008; Premio Nacional de Poes\u00eda Experimental Ra\u00fal Ren\u00e1n de la Bienal Nacional de Literatura 2008-2009); Quitz\u00e9 Fern\u00e1ndez, Mayte Loera, Claudia Soto, Ena Gal\u00edndez, entre otros autores de amplia y destacada trayectoria.<\/p>\n\n\n\n<p>Durante la feria se realizar\u00e1n diversos talleres con la intenci\u00f3n de profesionalizar la escritura y de incentivar a los m\u00e1s chicos en el terreno de la imaginaci\u00f3n, la pintura y el arte en general. Asimismo, se tendr\u00e1 un cap\u00edtulo especial para mediadores de lectura y educadoras y educadores de nuestro municipio.<\/p>\n\n\n\n<p>Del mismo modo, se contar\u00e1 con la participaci\u00f3n de dos compa\u00f1\u00edas teatrales que presentar\u00e1n las puestas en escena: \u201cNeko, el gato viajero\u201d, de Amargo Teatro; y Cuentos sin fronteras, de Parvada Casa Productora. En el apartado de m\u00fasica, se contar\u00e1 con los acordes de Ra\u00fal J\u00e1quez y Er\u00f3n Vargas, Los Axolotes del Norte y la Orquesta de Guitarras del Proyecto de m\u00fasica de la Santiago Ram\u00edrez y Banda de alientos, tambi\u00e9n del Proyecto de m\u00fasica de la Santiago Ram\u00edrez.<\/p>\n\n\n\n<p>La Segunda Feria del Libro Infantil y Juvenil tendr\u00e1 una extensi\u00f3n en las Bibliotecas P\u00fablicas Municipales. En esta fiesta de las palabras, la feria estar\u00e1 presente en la Biblioteca Salvador Novo, con la participaci\u00f3n de Mar\u00eda Garc\u00eda Esper\u00f3n; la escritora Itzel Guevara realizar\u00e1 actividades en la Biblioteca Manuel Jos\u00e9 Oth\u00f3n, dentro del Museo del Ferrocarril; y Quitz\u00e9 Fern\u00e1ndez, en la Biblioteca Jos\u00e9 R. Mijares.<\/p>\n\n\n\n<p>El acceso es gratuito y est\u00e1 dirigido a p\u00fablico en general, y principalmente p\u00fablico infantil, adolescente y juvenil.<\/p>\n","protected":false},"excerpt":{"rendered":"<p>En pr\u00f3ximos d\u00edas se presentar\u00e1 la segunda edici\u00f3n de la Feria del Libro Infantil y Juvenil Torre\u00f3n 2023 el18, 19 y 20 de octubre, de las 11:00 a las 19:00 &hellip; <a href=\"https:\/\/lavereda.com.mx\/index.php\/2023\/10\/13\/torreon-tendra-la-segunda-feria-del-libro-infantil-y-juvenil\/\" class=\"more-link\">Leer m\u00e1s<\/a><\/p>\n","protected":false},"author":9,"featured_media":5500,"comment_status":"open","ping_status":"open","sticky":false,"template":"","format":"standard","meta":{"footnotes":""},"categories":[5,18],"tags":[32],"class_list":["post-5499","post","type-post","status-publish","format-standard","has-post-thumbnail","hentry","category-letras-y-libros","category-lomasrelevante","tag-literatura","entry"],"_links":{"self":[{"href":"https:\/\/lavereda.com.mx\/index.php\/wp-json\/wp\/v2\/posts\/5499","targetHints":{"allow":["GET"]}}],"collection":[{"href":"https:\/\/lavereda.com.mx\/index.php\/wp-json\/wp\/v2\/posts"}],"about":[{"href":"https:\/\/lavereda.com.mx\/index.php\/wp-json\/wp\/v2\/types\/post"}],"author":[{"embeddable":true,"href":"https:\/\/lavereda.com.mx\/index.php\/wp-json\/wp\/v2\/users\/9"}],"replies":[{"embeddable":true,"href":"https:\/\/lavereda.com.mx\/index.php\/wp-json\/wp\/v2\/comments?post=5499"}],"version-history":[{"count":1,"href":"https:\/\/lavereda.com.mx\/index.php\/wp-json\/wp\/v2\/posts\/5499\/revisions"}],"predecessor-version":[{"id":5501,"href":"https:\/\/lavereda.com.mx\/index.php\/wp-json\/wp\/v2\/posts\/5499\/revisions\/5501"}],"wp:featuredmedia":[{"embeddable":true,"href":"https:\/\/lavereda.com.mx\/index.php\/wp-json\/wp\/v2\/media\/5500"}],"wp:attachment":[{"href":"https:\/\/lavereda.com.mx\/index.php\/wp-json\/wp\/v2\/media?parent=5499"}],"wp:term":[{"taxonomy":"category","embeddable":true,"href":"https:\/\/lavereda.com.mx\/index.php\/wp-json\/wp\/v2\/categories?post=5499"},{"taxonomy":"post_tag","embeddable":true,"href":"https:\/\/lavereda.com.mx\/index.php\/wp-json\/wp\/v2\/tags?post=5499"}],"curies":[{"name":"wp","href":"https:\/\/api.w.org\/{rel}","templated":true}]}}