{"id":5495,"date":"2023-10-11T16:47:01","date_gmt":"2023-10-11T16:47:01","guid":{"rendered":"http:\/\/lavereda.com.mx\/?p=5495"},"modified":"2023-10-11T18:51:53","modified_gmt":"2023-10-11T18:51:53","slug":"la-crisis-existencia-de-los-40-en-la-novela-de-alejandro-rodriguez","status":"publish","type":"post","link":"https:\/\/lavereda.com.mx\/index.php\/2023\/10\/11\/la-crisis-existencia-de-los-40-en-la-novela-de-alejandro-rodriguez\/","title":{"rendered":"La crisis existencial de los 40 en la novela de Alejandro Rodr\u00edguez"},"content":{"rendered":"\n<p>El escritor lagunero Alejandro Rodr\u00edguez Santib\u00e1\u00f1ez, llega a su quinto libro con el respaldo de una editorial nacional. La novela \u201cEl fil\u00f3sofo que quer\u00eda vivir en Polanco\u201d ser\u00e1 presentada este jueves 12 de octubre en Torre\u00f3n, en la Galer\u00eda Ju\u00e1rez n\u00famero 2525 a las 19:30 horas.<\/p>\n\n\n\n<p>La novela acaba de ser publicada por la firma \u201cLibros del marqu\u00e9s\u201d y aborda la vida de un hombre intelectual de 40 a\u00f1os, dos veces divorciado, que se encuentra en una crisis existencial y viaja a la Ciudad de M\u00e9xico, para encontrarse en un lujoso departamento de Polanco, con una amiga y amante.<\/p>\n\n\n\n<p>Alejandro convers\u00f3 con <em>La Vereda<\/em> sobre esta nueva publicaci\u00f3n:<\/p>\n\n\n\n<p><strong><em>\u00bfC\u00f3mo surge esta novela y cu\u00e1nto tiempo te llev\u00f3 escribirla?<\/em><\/strong><\/p>\n\n\n\n<p>\u201cEl tiempo para que estuviera lista fueron cuatro a\u00f1os, no significa que la estuve escribiendo todo ese tiempo, hab\u00eda meses que no escrib\u00eda, hab\u00eda noches de inspiraci\u00f3n, una iluminaci\u00f3n de ideas, de creatividad, empiezas a escribir 8 o 10 cuartillas.. pasan los d\u00edas lo vas dejando, yo no soy mucho de escribir por escribir, yo prefiero dejarlo, leer ver otro tipo de narrativa, solo llega la necesidad de volver a escribir\u2026 \u201c<\/p>\n\n\n\n<p>Respecto al contenido que comparte esta novela, comparti\u00f3:<\/p>\n\n\n\n<blockquote class=\"wp-block-quote is-layout-flow wp-block-quote-is-layout-flow\"><p>\u201cEn mi vida privada hay un c\u00f3digo de comportamiento, cosas que puedes hacer y no, cosas que no te permites, en mi caso no intentarlo o no trabajar o no prepararme, o no tener una meta sana en mi vida. Con este personaje fue como permitirme conocer esa sombra, ese no Alex, gener\u00e9 un libertino que no quiere trabajar, quiere ser mantenido, vivir rodeado de lujos, de buen whisky, buen vino, en un edificio de Polanco, donde conoce una antigua amante, que tiene sus necesidades afectivas\u2026 \u00e9l trae una crisis existencial, sobre a qu\u00e9 venimos al mundo, para qu\u00e9\u2026 todo eso lo lleva a la inactividad\u201d.<\/p><\/blockquote>\n\n\n\n<p>Explic\u00f3 que el libro se acompa\u00f1a en esa primera parte bajo la filosof\u00eda de Nietzsche del \u201ceterno retorno\u201d, la exprime bas\u00e1ndose en su experiencia, una ruptura amorosa que le hace replantearse todo esto.<\/p>\n\n\n\n<p>Agreg\u00f3 que hay una cr\u00edtica a las clases sociales, en este caso de Ciudad de M\u00e9xico, pero que pasa en todos lados, sobre las pr\u00e1cticas alternativas de sanaci\u00f3n del alma.&nbsp;<\/p>\n\n\n\n<p>\u201cEl personaje ve que la gente compra todo sin cuestionarlo, por moda. Es alguien que ha le\u00eddo, sabe ciertas cosas, junto con esta pareja se pone a filosofar sobre el amor, no es m\u00e1s que el Banquete del Plat\u00f3n, que habla de lo tipos del amor. Su pareja amante, lo ve como oportunidad de negocio, de hacerlo como gur\u00fa y gu\u00eda espiritual. Lo lleva a dar conferencias, diplomados y no hace m\u00e1s que trabajar. Es la paradoja de la novela\u201d.<\/p>\n\n\n\n<p><strong><em>\u00bfC\u00f3mo fue tu contacto con la editorial Libros del Marqu\u00e9s?<\/em><\/strong><\/p>\n\n\n\n<p>\u201cEs una editorial independiente de la Ciudad de M\u00e9xico que busca a autores nuevos.&nbsp;&nbsp;El director es Ricardo S\u00e1nchez. Carlos Vel\u00e1zquez, reconocido escritor lagunero es el que me contact\u00f3 con ellos para publicar este texto, me dieron un dictamen favorable, trabajamos bastante bien. El libro tiene buena distribuci\u00f3n, est\u00e1 pr\u00e1cticamente en todas las sucursales&nbsp;&nbsp;de El S\u00f3tano, El P\u00e9ndulo, tambi\u00e9n est\u00e1 en Gandhi y en Gonvill y se puede pedir en Amazon\u201d.<\/p>\n\n\n\n<p><strong><em>\u00bfQu\u00e9 representa para ti formar parte de una editorial independiente con distribuci\u00f3n nacional?&nbsp;<\/em><\/strong><\/p>\n\n\n\n<p>Es un paso muy importante, tengo cuatro libros anteriores que publiqu\u00e9 yo mismo. Eran m\u00e1s como sue\u00f1os cumplidos, en este caso el que mi libro est\u00e9 en El P\u00e9ndulo, una librer\u00eda que yo aprecio mucho, es un gran paso para m\u00ed. Hay m\u00e1s proyectos con esa editorial.<\/p>\n","protected":false},"excerpt":{"rendered":"<p>El escritor lagunero Alejandro Rodr\u00edguez Santib\u00e1\u00f1ez, llega a su quinto libro con el respaldo de una editorial nacional. La novela \u201cEl fil\u00f3sofo que quer\u00eda vivir en Polanco\u201d ser\u00e1 presentada este &hellip; <a href=\"https:\/\/lavereda.com.mx\/index.php\/2023\/10\/11\/la-crisis-existencia-de-los-40-en-la-novela-de-alejandro-rodriguez\/\" class=\"more-link\">Leer m\u00e1s<\/a><\/p>\n","protected":false},"author":9,"featured_media":5496,"comment_status":"open","ping_status":"open","sticky":false,"template":"","format":"standard","meta":{"footnotes":""},"categories":[5,18],"tags":[],"class_list":["post-5495","post","type-post","status-publish","format-standard","has-post-thumbnail","hentry","category-letras-y-libros","category-lomasrelevante","entry"],"_links":{"self":[{"href":"https:\/\/lavereda.com.mx\/index.php\/wp-json\/wp\/v2\/posts\/5495","targetHints":{"allow":["GET"]}}],"collection":[{"href":"https:\/\/lavereda.com.mx\/index.php\/wp-json\/wp\/v2\/posts"}],"about":[{"href":"https:\/\/lavereda.com.mx\/index.php\/wp-json\/wp\/v2\/types\/post"}],"author":[{"embeddable":true,"href":"https:\/\/lavereda.com.mx\/index.php\/wp-json\/wp\/v2\/users\/9"}],"replies":[{"embeddable":true,"href":"https:\/\/lavereda.com.mx\/index.php\/wp-json\/wp\/v2\/comments?post=5495"}],"version-history":[{"count":2,"href":"https:\/\/lavereda.com.mx\/index.php\/wp-json\/wp\/v2\/posts\/5495\/revisions"}],"predecessor-version":[{"id":5498,"href":"https:\/\/lavereda.com.mx\/index.php\/wp-json\/wp\/v2\/posts\/5495\/revisions\/5498"}],"wp:featuredmedia":[{"embeddable":true,"href":"https:\/\/lavereda.com.mx\/index.php\/wp-json\/wp\/v2\/media\/5496"}],"wp:attachment":[{"href":"https:\/\/lavereda.com.mx\/index.php\/wp-json\/wp\/v2\/media?parent=5495"}],"wp:term":[{"taxonomy":"category","embeddable":true,"href":"https:\/\/lavereda.com.mx\/index.php\/wp-json\/wp\/v2\/categories?post=5495"},{"taxonomy":"post_tag","embeddable":true,"href":"https:\/\/lavereda.com.mx\/index.php\/wp-json\/wp\/v2\/tags?post=5495"}],"curies":[{"name":"wp","href":"https:\/\/api.w.org\/{rel}","templated":true}]}}