{"id":5491,"date":"2023-10-08T22:08:18","date_gmt":"2023-10-08T22:08:18","guid":{"rendered":"http:\/\/lavereda.com.mx\/?p=5491"},"modified":"2023-10-08T22:08:20","modified_gmt":"2023-10-08T22:08:20","slug":"charlie-y-la-fabrica-de-chocolate","status":"publish","type":"post","link":"https:\/\/lavereda.com.mx\/index.php\/2023\/10\/08\/charlie-y-la-fabrica-de-chocolate\/","title":{"rendered":"Charlie y la f\u00e1brica de chocolate"},"content":{"rendered":"\n<p><strong>Charlie and the chocolate factory, 2005<\/strong><\/p>\n\n\n\n<p>Amazon Prime Video<\/p>\n\n\n\n<p>Roald Dahl aport\u00f3 su libro cl\u00e1sico para que el maestro Tim Burton lo dirigiera en forma de en\u00e9sima adaptaci\u00f3n, con un toque fantasioso y m\u00e1gico.<\/p>\n\n\n\n<p>Charlie es un ni\u00f1o pobre que vive hacinado con su familia. Un d\u00eda obtiene uno de los escasos boletos dorados que lo llevar\u00e1 a la maravillosa factor\u00eda donde Willy Wonka crea las mejores golosinas del mundo.<\/p>\n\n\n\n<p>Junto al ni\u00f1o acuden otros cuatro de todo el mundo, que competir\u00e1n por obtener un regalo \u201cm\u00e1s all\u00e1 de lo imaginable\u201d. El buen coraz\u00f3n del peque\u00f1o Charlie hace que sobresalga de los dem\u00e1s competidores, aunque el resultado de la prueba no es del todo satisfactorio.<\/p>\n\n\n\n<p>Para obtener el gran premio, deber\u00e1 renunciar a todos sus afectos, lo que lo pondr\u00e1 en un dilema complicado.<\/p>\n\n\n\n<p>Es una linda historia de amor familiar, plagada de fantas\u00eda y diversi\u00f3n en un castillo donde los sue\u00f1os se convierte en realidad.<\/p>\n\n\n\n<p>Magn\u00edfica, para chicos y grandes.<\/p>\n\n\n\n<p>(PG. Orientaci\u00f3n de los padres)<\/p>\n\n\n\n<p>@LucianoCamposG<\/p>\n\n\n\n<figure class=\"wp-block-embed is-type-video is-provider-youtube wp-block-embed-youtube wp-embed-aspect-16-9 wp-has-aspect-ratio\"><div class=\"wp-block-embed__wrapper\">\n<iframe title=\"Charlie y la fabrica de Chocolate (Trailer espa\u00f1ol)\" width=\"1170\" height=\"658\" src=\"https:\/\/www.youtube.com\/embed\/BGem82vCZNM?feature=oembed\" frameborder=\"0\" allow=\"accelerometer; autoplay; clipboard-write; encrypted-media; gyroscope; picture-in-picture; web-share\" allowfullscreen><\/iframe>\n<\/div><\/figure>\n","protected":false},"excerpt":{"rendered":"<p>Charlie and the chocolate factory, 2005 Amazon Prime Video Roald Dahl aport\u00f3 su libro cl\u00e1sico para que el maestro Tim Burton lo dirigiera en forma de en\u00e9sima adaptaci\u00f3n, con un &hellip; <a href=\"https:\/\/lavereda.com.mx\/index.php\/2023\/10\/08\/charlie-y-la-fabrica-de-chocolate\/\" class=\"more-link\">Leer m\u00e1s<\/a><\/p>\n","protected":false},"author":3,"featured_media":5492,"comment_status":"open","ping_status":"open","sticky":false,"template":"","format":"standard","meta":{"footnotes":""},"categories":[6,7,18],"tags":[40],"class_list":["post-5491","post","type-post","status-publish","format-standard","has-post-thumbnail","hentry","category-cinetv","category-entretenimiento","category-lomasrelevante","tag-cine","entry"],"_links":{"self":[{"href":"https:\/\/lavereda.com.mx\/index.php\/wp-json\/wp\/v2\/posts\/5491","targetHints":{"allow":["GET"]}}],"collection":[{"href":"https:\/\/lavereda.com.mx\/index.php\/wp-json\/wp\/v2\/posts"}],"about":[{"href":"https:\/\/lavereda.com.mx\/index.php\/wp-json\/wp\/v2\/types\/post"}],"author":[{"embeddable":true,"href":"https:\/\/lavereda.com.mx\/index.php\/wp-json\/wp\/v2\/users\/3"}],"replies":[{"embeddable":true,"href":"https:\/\/lavereda.com.mx\/index.php\/wp-json\/wp\/v2\/comments?post=5491"}],"version-history":[{"count":1,"href":"https:\/\/lavereda.com.mx\/index.php\/wp-json\/wp\/v2\/posts\/5491\/revisions"}],"predecessor-version":[{"id":5493,"href":"https:\/\/lavereda.com.mx\/index.php\/wp-json\/wp\/v2\/posts\/5491\/revisions\/5493"}],"wp:featuredmedia":[{"embeddable":true,"href":"https:\/\/lavereda.com.mx\/index.php\/wp-json\/wp\/v2\/media\/5492"}],"wp:attachment":[{"href":"https:\/\/lavereda.com.mx\/index.php\/wp-json\/wp\/v2\/media?parent=5491"}],"wp:term":[{"taxonomy":"category","embeddable":true,"href":"https:\/\/lavereda.com.mx\/index.php\/wp-json\/wp\/v2\/categories?post=5491"},{"taxonomy":"post_tag","embeddable":true,"href":"https:\/\/lavereda.com.mx\/index.php\/wp-json\/wp\/v2\/tags?post=5491"}],"curies":[{"name":"wp","href":"https:\/\/api.w.org\/{rel}","templated":true}]}}