{"id":5484,"date":"2023-10-06T02:15:48","date_gmt":"2023-10-06T02:15:48","guid":{"rendered":"http:\/\/lavereda.com.mx\/?p=5484"},"modified":"2023-10-06T02:15:49","modified_gmt":"2023-10-06T02:15:49","slug":"el-teatro-nazas-presenta-el-estreno-de-pequena-nube-de-magallanes","status":"publish","type":"post","link":"https:\/\/lavereda.com.mx\/index.php\/2023\/10\/06\/el-teatro-nazas-presenta-el-estreno-de-pequena-nube-de-magallanes\/","title":{"rendered":"El Teatro Nazas presenta el estreno de \u00abPeque\u00f1a nube de Magallanes\u00bb"},"content":{"rendered":"\n<p>El Teatro Nazas present\u00f3 el estreno de la obra \u201cPeque\u00f1a Nube de Magallanes\u201d de Luis Ayhll\u00f3n, como resultado del Est\u00edmulo Fiscal Efiteatro 2022, bajo la direcci\u00f3n de Boris Schoemann.&nbsp;<\/p>\n\n\n\n<p>La primera funci\u00f3n se realiz\u00f3 el 4 de octubre y las presentaciones contin\u00faan el viernes 6 de octubre a las 20:00 horas y el s\u00e1bado 7 de octubre a las 19:00 horas, con pases de cortes\u00eda.<\/p>\n\n\n\n<p>Peque\u00f1a nube de Magallanes fue premiada en 2020 con el Premio Nacional de Dramaturgia para Ni\u00f1os y J\u00f3venes \u201cPerla Szuchmacher\u201d del INBA.&nbsp; Es una obra que nos presenta el universo adolescente desde siete distintos \u00e1ngulos en los que encontramos a j\u00f3venes buscando un camino, en el que transitan desde el bullying, la problem\u00e1tica familiar, la aceptaci\u00f3n del grupo, la sexualidad, el suicidio y las redes sociales hasta la esperanza.<\/p>\n\n\n\n<p>El autor nos presenta un tratamiento que va de lo narrativo al di\u00e1logo y de la comedia al surrealismo y nos deja ver a unos personajes en busca de respeto y libertad.<\/p>\n\n\n\n<p>Para la producci\u00f3n de la obra se llev\u00f3 a cabo un taller-audici\u00f3n en el mes de mayo en el Teatro Nazas conducido por el director Boris Schoemann.&nbsp; Al taller acudieron m\u00e1s de treinta j\u00f3venes de la Regi\u00f3n Lagunera y de \u00e9se grupo se seleccion\u00f3 el elenco conformado por: &nbsp;Ana Luisa Aguilera Villarreal, Ana Paola \u00c1vila Rosales. Esteban Mart\u00ednez Mel\u00e9ndez, Julio Bayron Norman Valles, Juan Francisco P\u00e9rez Cacho.<\/p>\n\n\n\n<p>El equipo creativo est\u00e1 integrado por: Luis Ayhllon \/ Dramaturgia, Boris Schoemann \/ Director Roc\u00edo Itzel Mej\u00eda Garc\u00eda y Rosa Isela Romo de Vivar Flores Asistentes de Direcci\u00f3n, Fernando Flores Trejo \/ Escenograf\u00eda e Iluminaci\u00f3n, Pilar Boliver \/ Vestuario, Aldo Zehir Enr\u00edquez Fern\u00e1ndez\/ Musicalizaci\u00f3n y Dise\u00f1o Sonoro,<\/p>\n\n\n\n<p>Daniel P\u00e1ez \/ Asistente de Vestuario.<\/p>\n\n\n\n<p>Y el equipo de producci\u00f3n: Mar\u00cda del Roble (More) Barrett \/ Productora General, Tere Rodr\u00edguez Simental \/ Productora Ejecutiva, Alejandra Ramos \/ Asistente de Producci\u00f3n.<\/p>\n\n\n\n<figure class=\"wp-block-image size-large is-resized\"><img fetchpriority=\"high\" decoding=\"async\" src=\"https:\/\/lavereda.com.mx\/wp-content\/uploads\/2023\/10\/382605443_703932035105824_6789827773435440182_n-834x1024.jpg\" alt=\"\" class=\"wp-image-5485\" width=\"412\" height=\"506\" srcset=\"https:\/\/lavereda.com.mx\/wp-content\/uploads\/2023\/10\/382605443_703932035105824_6789827773435440182_n-834x1024.jpg 834w, https:\/\/lavereda.com.mx\/wp-content\/uploads\/2023\/10\/382605443_703932035105824_6789827773435440182_n-244x300.jpg 244w, https:\/\/lavereda.com.mx\/wp-content\/uploads\/2023\/10\/382605443_703932035105824_6789827773435440182_n-768x943.jpg 768w, https:\/\/lavereda.com.mx\/wp-content\/uploads\/2023\/10\/382605443_703932035105824_6789827773435440182_n.jpg 1000w\" sizes=\"(max-width: 412px) 100vw, 412px\" \/><\/figure>\n","protected":false},"excerpt":{"rendered":"<p>El Teatro Nazas present\u00f3 el estreno de la obra \u201cPeque\u00f1a Nube de Magallanes\u201d de Luis Ayhll\u00f3n, como resultado del Est\u00edmulo Fiscal Efiteatro 2022, bajo la direcci\u00f3n de Boris Schoemann.&nbsp; La &hellip; <a href=\"https:\/\/lavereda.com.mx\/index.php\/2023\/10\/06\/el-teatro-nazas-presenta-el-estreno-de-pequena-nube-de-magallanes\/\" class=\"more-link\">Leer m\u00e1s<\/a><\/p>\n","protected":false},"author":9,"featured_media":5486,"comment_status":"open","ping_status":"open","sticky":false,"template":"","format":"standard","meta":{"footnotes":""},"categories":[2,18],"tags":[36],"class_list":["post-5484","post","type-post","status-publish","format-standard","has-post-thumbnail","hentry","category-artes-escenicas","category-lomasrelevante","tag-teatro","entry"],"_links":{"self":[{"href":"https:\/\/lavereda.com.mx\/index.php\/wp-json\/wp\/v2\/posts\/5484","targetHints":{"allow":["GET"]}}],"collection":[{"href":"https:\/\/lavereda.com.mx\/index.php\/wp-json\/wp\/v2\/posts"}],"about":[{"href":"https:\/\/lavereda.com.mx\/index.php\/wp-json\/wp\/v2\/types\/post"}],"author":[{"embeddable":true,"href":"https:\/\/lavereda.com.mx\/index.php\/wp-json\/wp\/v2\/users\/9"}],"replies":[{"embeddable":true,"href":"https:\/\/lavereda.com.mx\/index.php\/wp-json\/wp\/v2\/comments?post=5484"}],"version-history":[{"count":1,"href":"https:\/\/lavereda.com.mx\/index.php\/wp-json\/wp\/v2\/posts\/5484\/revisions"}],"predecessor-version":[{"id":5487,"href":"https:\/\/lavereda.com.mx\/index.php\/wp-json\/wp\/v2\/posts\/5484\/revisions\/5487"}],"wp:featuredmedia":[{"embeddable":true,"href":"https:\/\/lavereda.com.mx\/index.php\/wp-json\/wp\/v2\/media\/5486"}],"wp:attachment":[{"href":"https:\/\/lavereda.com.mx\/index.php\/wp-json\/wp\/v2\/media?parent=5484"}],"wp:term":[{"taxonomy":"category","embeddable":true,"href":"https:\/\/lavereda.com.mx\/index.php\/wp-json\/wp\/v2\/categories?post=5484"},{"taxonomy":"post_tag","embeddable":true,"href":"https:\/\/lavereda.com.mx\/index.php\/wp-json\/wp\/v2\/tags?post=5484"}],"curies":[{"name":"wp","href":"https:\/\/api.w.org\/{rel}","templated":true}]}}