{"id":5481,"date":"2023-10-04T01:43:07","date_gmt":"2023-10-04T01:43:07","guid":{"rendered":"http:\/\/lavereda.com.mx\/?p=5481"},"modified":"2023-10-04T01:43:09","modified_gmt":"2023-10-04T01:43:09","slug":"presentan-el-programa-de-la-fil-guadalajara-2023","status":"publish","type":"post","link":"https:\/\/lavereda.com.mx\/index.php\/2023\/10\/04\/presentan-el-programa-de-la-fil-guadalajara-2023\/","title":{"rendered":"Presentan el programa de la FIL Guadalajara 2023"},"content":{"rendered":"\n<ul class=\"wp-block-list\"><li><strong>Participar\u00e1n 600 escritores de 45 pa\u00edses y la presencia de Uni\u00f3n Europea como Invitada de Honor<\/strong><\/li><\/ul>\n\n\n\n<p>A casi 50 d\u00edas del comienzo de la edici\u00f3n 37 de la Feria Internacional del Libro de Guadalajara (FIL), todo est\u00e1 listo para la realizaci\u00f3n del encuentro literario y cultural m\u00e1s importante en espa\u00f1ol. Del 25 de noviembre al 3 de diciembre pr\u00f3ximos, con la participaci\u00f3n de la Uni\u00f3n Europea como Invitada de Honor, la FIL Guadalajara reafirmar\u00e1 su importancia entre los lectores que asisten anualmente con entusiasmo a sus salones y pasillos, as\u00ed como entre los profesionales que forman parte de la cadena editorial, y que la consideran una cita ineludible para los negocios editoriales en Iberoam\u00e9rica. Este a\u00f1o, m\u00e1s de tres mil actividades literarias, acad\u00e9micas, art\u00edsticas, profesionales, juveniles e infantiles esperan por los m\u00e1s de 800 mil asistentes.<\/p>\n\n\n\n<p>&nbsp;&nbsp;&nbsp;&nbsp;&nbsp;&nbsp;&nbsp;&nbsp;&nbsp;&nbsp;&nbsp; En una conferencia de prensa realizada esta ma\u00f1ana en el Paraninfo Enrique D\u00edaz de Le\u00f3n de la Universidad de Guadalajara (UdeG), se anunci\u00f3 el programa general de actividades 2023. La actividad cont\u00f3 con la presencia de Ricardo Villanueva Lomel\u00ed, rector general de la Universidad de Guadalajara (UdeG); Gautier Mignot, embajador de la Uni\u00f3n Europea en M\u00e9xico; Marisol Schulz Manaut, directora general de la FIL Guadalajara; Karla Planter P\u00e9rez, rectora del Centro Universitario de los Altos de la UdeG y coordinadora ejecutiva del programa acad\u00e9mico de la FIL Guadalajara, y por v\u00eda remota, Patricio Jereti\u010d, curador del programa de la Uni\u00f3n Europea.<\/p>\n\n\n\n<p>Destacadas figuras de la literatura contempor\u00e1nea, como Elia Barcel\u00f3, El\u00edsabet Benavent, Piedad Bonnet, Mar\u00eda Due\u00f1as, Morgana Kretzmann, Andr\u00e9s Neuman, Pascal Quignard, Julia Quinn, \u00c9lmer Mendoza, Sergio Ram\u00edrez, Angelo Tijssens, Margarita Garc\u00eda Robayo, Antonio Mu\u00f1oz Molina, Jordi Sierra i Fabra, Tatiana \u021a\u00eebuleac, Jorge F. Hern\u00e1ndez, Elvira Lindo o Mar\u00eda Jos\u00e9 Ferrada,&nbsp;entre m\u00e1s de 650 escritores de 45 pa\u00edses y 33 lenguas distintas, ser\u00e1n los protagonistas de los diferentes programas de la FIL Guadalajara que atienden diversas regiones, corrientes y g\u00e9neros.<\/p>\n\n\n\n<p>Entre los premios y homenajes que cada a\u00f1o se entregan durante la FIL se encuentran el Premio FIL de Literatura en Lenguas Romances 2023, obtenido por la poeta mexicana Coral Bracho, mientras que la gran escritora italiana Dacia Maraini, ser\u00e1 la responsable de abrir el Sal\u00f3n Literario Carlos Fuentes y recibir\u00e1n, de manos de Silvia Lemus, la medalla que lleva el nombre del autor de&nbsp;<em>La regi\u00f3n m\u00e1s transparente<\/em>. El Homenaje al M\u00e9rito Editorial se realizar\u00e1 para Margarita de Orellana y Alberto Ruy S\u00e1nchez. Jos\u00e9 Porfirio Tamez Sol\u00eds recibir\u00e1 el Homenaje al Bibliotecario y Jos\u00e9 Mar\u00eda Muri\u00e0 obtendr\u00e1 el Homenaje al Bibli\u00f3filo. El Homenaje de Caricatura La Catrina, ser\u00e1 para el dibujante argentino Juan Mat\u00edas Loiseau, mejor conocido como Tute, y el Homenaje ArpaFIL para la arquitecta mexicana Tatiana Bilbao.<\/p>\n\n\n\n<p>A la FIL tambi\u00e9n acudir\u00e1n James Assir Sarao Cauich, ganador del Premio de Literaturas Ind\u00edgenas de Am\u00e9rica; Alejandro von D\u00fcben, quien obtuvo el Premio de Literatura Ciudad y Naturaleza Jos\u00e9 Emilio Pacheco, as\u00ed como la escritora portuguesa Alice Vieira, ganadora del Premio SM de Literatura Infantil y Juvenil. Tambi\u00e9n se entregar\u00e1n el Premio de Literatura Sor Juana In\u00e9s de la Cruz y el Homenaje Nacional de Periodismo Cultural Fernando Ben\u00edtez, que ser\u00e1n anunciados en las pr\u00f3ximas semanas.<\/p>\n\n\n\n<p>La literatura del mundo se har\u00e1 presente en los diferentes programas de la FIL Guadalajara, como&nbsp;Latinoam\u00e9rica Viva, Nombrar a Centroam\u00e9rica porque Centroam\u00e9rica Cuenta y&nbsp;<em>Destina\u00e7ao<\/em>&nbsp;Brasil.&nbsp;Las mesas sobre literatura estar\u00e1n representadas por pa\u00edses como&nbsp;Chile, Colombia, Noruega, Quebec, Galicia, Marruecos o Georgia. Las&nbsp;Galas del Placer de la Lectura, el Encuentro Internacional de Cuentistas y las 22 sesiones del Sal\u00f3n de la Poes\u00eda, tambi\u00e9n ser\u00e1n parte de la muestra literaria que arribar\u00e1 a Guadalajara.<\/p>\n\n\n\n<p>M\u00e1s de 630 presentaciones de libros formar\u00e1n parte de esta edici\u00f3n. Entre ellas&nbsp;<em>No te ver\u00e9 morir<\/em>, de Antonio Mu\u00f1oz Molina;&nbsp;<em>Poes\u00eda reunida<\/em>&nbsp;(1977-2023), de Coral Bracho;&nbsp;<em>Extra\u00f1as<\/em>, de Guillermo Arriaga;&nbsp;<em>El peso de vivir en la Tierra<\/em>, de David Toscana;&nbsp;<em>Me llamo cuerpo que no est\u00e1<\/em>, de Cristina Rivera Garza;&nbsp;<em>Cuatro veranos<\/em>, de Benito Taibo;&nbsp;<em>Un cuento de Navidad<\/em>, de Alejandro Zambra;&nbsp;<em>De todas las flores<\/em>, de Natalia Lafourcade;&nbsp;<em>Contra la naturaleza secreta de las cosas de este mundo<\/em>, de Patricio Pron;&nbsp;<em>Las luces de febrero<\/em>, de Joana Marc\u00fas;&nbsp;<em>En la boca del lobo<\/em>, de Elvira Lindo;&nbsp;<em>Los genios<\/em>, de Jaime Bayly;&nbsp;<em>Umbilical<\/em>, de Andr\u00e9s Neuman, y&nbsp;<em>La escalera el\u00e9ctrica<\/em>, de Ana Garc\u00eda Bergua. Adem\u00e1s, la Editorial de la Universidad de Guadalajara trabaja un libro homenaje que re\u00fane fotograf\u00edas, fragmentos de textos que escribi\u00f3 Ra\u00fal Padilla L\u00f3pez, as\u00ed como comentarios de autores y personas cercanas a \u00e9l.<\/p>\n\n\n\n<p>&nbsp;&nbsp;&nbsp;&nbsp;&nbsp;&nbsp;&nbsp;&nbsp;&nbsp;&nbsp;&nbsp; El p\u00fablico juvenil es muy importante para la FIL, por ello, este a\u00f1o en&nbsp;las sesiones de&nbsp;Mil J\u00f3venes&nbsp;con\u2026&nbsp;participan autores de la talla de Coral Bracho, Elia Barcel\u00f3, Jordi Sierra i Fabra, Jorge F. Hern\u00e1ndez y Andr\u00e9s Oppenheimer.&nbsp;El Concurso Cartas al Autor estar\u00e1 dedicado a la escritora francesa Nathalie Bernard y su libro&nbsp;<em>L\u00e1grimas de bosque<\/em>.&nbsp;&nbsp;FIL Joven contar\u00e1 con charlas, como \u201cMafalda, la tira c\u00f3mica que cambi\u00f3 al mundo\u201d, con la participaci\u00f3n de Daniel Divinsky, editor de Quino, y Benito Taibo; \u201cDe machos alfa a hombres del futuro\u201d, \u201cLa cultura de los&nbsp;<em>roomies<\/em>\u201d, \u201cAbrazar mi adolescencia trans\u201d o \u201cLiteratura LGBTQ+\u201d, adem\u00e1s del Encuentro Nacional Booktube 2023 y la mesa \u201cBooktok: la comunidad amante de los libros en TikTok\u201d. Adem\u00e1s, Ecos de la FIL contempla alrededor de 130 sesiones presenciales en las que autores provenientes de 33 pa\u00edses visitar\u00e1n preparatorias de la UdeG, tanto en el \u00e1rea metropolitana como en otros municipios del estado de Jalisco.<\/p>\n\n\n\n<p>El Sal\u00f3n del C\u00f3mic + Novela Gr\u00e1fica es uno de los espacios m\u00e1s esperados por el p\u00fablico que asiste a la FIL y cobrar\u00e1 vida a partir del jueves 30 de noviembre y hasta el domingo 3 de diciembre. Contar\u00e1 con la participaci\u00f3n de grandes personalidades, entre las que destacan&nbsp;Trino y Catalina Bu, quienes junto con Daniel Divinsky rendir\u00e1n homenaje a Quino, cuyos personajes vestir\u00e1n este a\u00f1o el Foro Rius. Adem\u00e1s, creadores como Carlo Chable, P\u00e9n\u00e9lope Bagieu, Jens Kjartan Styve, Alexandre Couture, Pau M\u00e1rquez y Changos Perros, estar\u00e1n presentes en el Sal\u00f3n del C\u00f3mic.<\/p>\n\n\n\n<p>FIL Ciencia, el programa de divulgaci\u00f3n cient\u00edfica de la FIL llega a su d\u00e9cima edici\u00f3n con un nutrido programa donde se explorar\u00e1 la relaci\u00f3n de la ciencia con la literatura. Temas como la computaci\u00f3n y la f\u00edsica cu\u00e1ntica, las vacunas, la inteligencia artificial, los mitos y realidades del c\u00e1ncer, la vida marina y la contaminaci\u00f3n de los oc\u00e9anos son algunas de las 33 actividades donde participar\u00e1n prestigiosos cient\u00edficos, especialistas y divulgadores de la ciencia como Antonio Lazcano, Alberto Casas, Tommaso Calarco, Carlos Coello, Brooke Bessesen, Rogelio Tom\u00e1s, Alejandro Mohar y Cristina Romera Castillo.<\/p>\n\n\n\n<p>Como cada a\u00f1o, la FIL Guadalajara ser\u00e1 un espacio para la discusi\u00f3n de las ideas y el pensamiento. Su programa contempla la participaci\u00f3n de casi 300 especialistas de 36 pa\u00edses, entre los que destacan Alan Riding, Andrea Jelinek, Carmen Aristegui, Daniel Innerarity, Denise Dresser, G\u00f6ran Therborn, H\u00e9ctor Aguilar Cam\u00edn, Joan Subirats, Jorge Casta\u00f1eda, Lisa Lang, Manuel Castells, Sabina Berman, Shada Islam, Clara Brugada y Vygaudas U\u0161ackas. Adem\u00e1s, se realizar\u00e1n 59 foros y actividades como el Seminario de la Suprema Corte de Justicia de la Naci\u00f3n, Mujeres en el poder. El rumbo de M\u00e9xico, Inteligencia artificial: entre utop\u00edas, distop\u00edas y realidades, Encuentro Internacional de Gobierno y Sociedad Civil, Foro Nexos \u00bfQu\u00e9 fall\u00f3? M\u00e9xico 1994-2023, Pensar Europa: el futuro de la Uni\u00f3n Europea y su proyecto filos\u00f3fico, Reflexiones y narrativas para el conflicto y para la paz, A 100 a\u00f1os del mito: Pancho Villa, el Coloquio de Historia o el Encuentro de G\u00e9nero.<\/p>\n\n\n\n<p>La FIL Guadalajara es actualmente la mayor plataforma para los negocios editoriales en Iberoam\u00e9rica, y en esta edici\u00f3n se espera la presencia de m\u00e1s de 18 mil profesionales provenientes de 49 pa\u00edses. El Sal\u00f3n de Derechos espera m\u00e1s 100 mesas, mientras que la oferta editorial, se distribuir\u00e1 en 43 mil metros cuadrados de exhibici\u00f3n, que albergar\u00e1n cerca de 450 mil t\u00edtulos de 2,200 editoriales de 49 pa\u00edses. Alrededor de 130 actividades de profesionalizaci\u00f3n y formaci\u00f3n se tienen contempladas para esta edici\u00f3n, como el Foro Internacional de Editores y Profesionales del Libro el Coloquio Internacional de Bibliotecarios, el Foro Internacional de Libreros y el Coloquio Internacional de Traducci\u00f3n e Interpretaci\u00f3n San Jer\u00f3nimo, as\u00ed como FILustra, cuyas conferencias de apertura y clausura estar\u00e1n a cargo, respectivamente, de Gusti e Isol. Se realizar\u00e1n tambi\u00e9n el Foro Internacional de Dise\u00f1o Editorial y el Encuentro de Editoriales Independientes, mientras que el Encuentro de Promotores de Lectura ser\u00e1 inaugurado con una conferencia magistral a cargo del escritor, editor y especialista en temas de lectura esloveno Miha Kova\u010d.<\/p>\n","protected":false},"excerpt":{"rendered":"<p>Participar\u00e1n 600 escritores de 45 pa\u00edses y la presencia de Uni\u00f3n Europea como Invitada de Honor A casi 50 d\u00edas del comienzo de la edici\u00f3n 37 de la Feria Internacional &hellip; <a href=\"https:\/\/lavereda.com.mx\/index.php\/2023\/10\/04\/presentan-el-programa-de-la-fil-guadalajara-2023\/\" class=\"more-link\">Leer m\u00e1s<\/a><\/p>\n","protected":false},"author":1,"featured_media":5482,"comment_status":"open","ping_status":"open","sticky":false,"template":"","format":"standard","meta":{"footnotes":""},"categories":[5,18],"tags":[32],"class_list":["post-5481","post","type-post","status-publish","format-standard","has-post-thumbnail","hentry","category-letras-y-libros","category-lomasrelevante","tag-literatura","entry"],"_links":{"self":[{"href":"https:\/\/lavereda.com.mx\/index.php\/wp-json\/wp\/v2\/posts\/5481","targetHints":{"allow":["GET"]}}],"collection":[{"href":"https:\/\/lavereda.com.mx\/index.php\/wp-json\/wp\/v2\/posts"}],"about":[{"href":"https:\/\/lavereda.com.mx\/index.php\/wp-json\/wp\/v2\/types\/post"}],"author":[{"embeddable":true,"href":"https:\/\/lavereda.com.mx\/index.php\/wp-json\/wp\/v2\/users\/1"}],"replies":[{"embeddable":true,"href":"https:\/\/lavereda.com.mx\/index.php\/wp-json\/wp\/v2\/comments?post=5481"}],"version-history":[{"count":1,"href":"https:\/\/lavereda.com.mx\/index.php\/wp-json\/wp\/v2\/posts\/5481\/revisions"}],"predecessor-version":[{"id":5483,"href":"https:\/\/lavereda.com.mx\/index.php\/wp-json\/wp\/v2\/posts\/5481\/revisions\/5483"}],"wp:featuredmedia":[{"embeddable":true,"href":"https:\/\/lavereda.com.mx\/index.php\/wp-json\/wp\/v2\/media\/5482"}],"wp:attachment":[{"href":"https:\/\/lavereda.com.mx\/index.php\/wp-json\/wp\/v2\/media?parent=5481"}],"wp:term":[{"taxonomy":"category","embeddable":true,"href":"https:\/\/lavereda.com.mx\/index.php\/wp-json\/wp\/v2\/categories?post=5481"},{"taxonomy":"post_tag","embeddable":true,"href":"https:\/\/lavereda.com.mx\/index.php\/wp-json\/wp\/v2\/tags?post=5481"}],"curies":[{"name":"wp","href":"https:\/\/api.w.org\/{rel}","templated":true}]}}