{"id":5478,"date":"2023-10-01T17:58:40","date_gmt":"2023-10-01T17:58:40","guid":{"rendered":"http:\/\/lavereda.com.mx\/?p=5478"},"modified":"2023-10-01T17:58:42","modified_gmt":"2023-10-01T17:58:42","slug":"el-conde","status":"publish","type":"post","link":"https:\/\/lavereda.com.mx\/index.php\/2023\/10\/01\/el-conde\/","title":{"rendered":"El Conde"},"content":{"rendered":"\n<p>El Conde, 2023<\/p>\n\n\n\n<p>Netflix<\/p>\n\n\n\n<p>Augusto Pinochet no ha muerto. El dictador, que sumergi\u00f3 a Chile en un ba\u00f1o de sangre durante casi dos d\u00e9cadas, es un vampiro que vive escondido en la campi\u00f1a y por las noches sale a dar tarascadas para seguir cobrando una elevada cuota de sangre. Es insaciable para matar gente.<\/p>\n\n\n\n<p>El director Pablo Larra\u00edn hace escarnio de la triste memoria del general fascista, a quien hace volar con su capa de anti s\u00faper h\u00e9roe, enfundado en sus rid\u00edculas galas, mientras sus familiares se re\u00fanen para repartirse el bot\u00edn que ha acumulado a lo largo de a\u00f1os de corrupci\u00f3n.<\/p>\n\n\n\n<p>Porque Pinochet ha decidido morir. Ya no quiere seguir vivo en un mundo que lo llama asesino, y un pa\u00eds de ingratos que no entiende que todo lo hizo por el bien de la sociedad, erradicando a los opositores del r\u00e9gimen.<\/p>\n\n\n\n<p>Sin embargo, El Conde puede reconsiderar su decisi\u00f3n de dejar el planeta cuando se encuentra con otra de las mujeres que lo encanta, y que le proporciona vitalidad renovada.<\/p>\n\n\n\n<p>Es una comedia en blanco y negro, de im\u00e1genes po\u00e9ticas y una tem\u00e1tica muy interesante.<\/p>\n\n\n\n<p>Convenientemente tuvo estreno limitado en cines, para ser elegible en los Oscares.<\/p>\n\n\n\n<p>(NC-17. No apto para menores de 18)<\/p>\n\n\n\n<p>@LucianoCamposG<\/p>\n\n\n\n<figure class=\"wp-block-embed is-type-video is-provider-youtube wp-block-embed-youtube wp-embed-aspect-16-9 wp-has-aspect-ratio\"><div class=\"wp-block-embed__wrapper\">\n<iframe title=\"El Conde | Tr\u00e1iler oficial | Netflix\" width=\"1170\" height=\"658\" src=\"https:\/\/www.youtube.com\/embed\/enPp-qa6u3s?feature=oembed\" frameborder=\"0\" allow=\"accelerometer; autoplay; clipboard-write; encrypted-media; gyroscope; picture-in-picture; web-share\" allowfullscreen><\/iframe>\n<\/div><\/figure>\n","protected":false},"excerpt":{"rendered":"<p>El Conde, 2023 Netflix Augusto Pinochet no ha muerto. El dictador, que sumergi\u00f3 a Chile en un ba\u00f1o de sangre durante casi dos d\u00e9cadas, es un vampiro que vive escondido &hellip; <a href=\"https:\/\/lavereda.com.mx\/index.php\/2023\/10\/01\/el-conde\/\" class=\"more-link\">Leer m\u00e1s<\/a><\/p>\n","protected":false},"author":3,"featured_media":5479,"comment_status":"open","ping_status":"open","sticky":false,"template":"","format":"standard","meta":{"footnotes":""},"categories":[6,18],"tags":[56],"class_list":["post-5478","post","type-post","status-publish","format-standard","has-post-thumbnail","hentry","category-cinetv","category-lomasrelevante","tag-netflix","entry"],"_links":{"self":[{"href":"https:\/\/lavereda.com.mx\/index.php\/wp-json\/wp\/v2\/posts\/5478","targetHints":{"allow":["GET"]}}],"collection":[{"href":"https:\/\/lavereda.com.mx\/index.php\/wp-json\/wp\/v2\/posts"}],"about":[{"href":"https:\/\/lavereda.com.mx\/index.php\/wp-json\/wp\/v2\/types\/post"}],"author":[{"embeddable":true,"href":"https:\/\/lavereda.com.mx\/index.php\/wp-json\/wp\/v2\/users\/3"}],"replies":[{"embeddable":true,"href":"https:\/\/lavereda.com.mx\/index.php\/wp-json\/wp\/v2\/comments?post=5478"}],"version-history":[{"count":1,"href":"https:\/\/lavereda.com.mx\/index.php\/wp-json\/wp\/v2\/posts\/5478\/revisions"}],"predecessor-version":[{"id":5480,"href":"https:\/\/lavereda.com.mx\/index.php\/wp-json\/wp\/v2\/posts\/5478\/revisions\/5480"}],"wp:featuredmedia":[{"embeddable":true,"href":"https:\/\/lavereda.com.mx\/index.php\/wp-json\/wp\/v2\/media\/5479"}],"wp:attachment":[{"href":"https:\/\/lavereda.com.mx\/index.php\/wp-json\/wp\/v2\/media?parent=5478"}],"wp:term":[{"taxonomy":"category","embeddable":true,"href":"https:\/\/lavereda.com.mx\/index.php\/wp-json\/wp\/v2\/categories?post=5478"},{"taxonomy":"post_tag","embeddable":true,"href":"https:\/\/lavereda.com.mx\/index.php\/wp-json\/wp\/v2\/tags?post=5478"}],"curies":[{"name":"wp","href":"https:\/\/api.w.org\/{rel}","templated":true}]}}