{"id":5475,"date":"2023-10-01T17:49:27","date_gmt":"2023-10-01T17:49:27","guid":{"rendered":"http:\/\/lavereda.com.mx\/?p=5475"},"modified":"2023-10-01T17:49:27","modified_gmt":"2023-10-01T17:49:27","slug":"los-riesgos-del-ocio-64","status":"publish","type":"post","link":"https:\/\/lavereda.com.mx\/index.php\/2023\/10\/01\/los-riesgos-del-ocio-64\/","title":{"rendered":"Los riesgos del ocio"},"content":{"rendered":"\n<p>Llegar a Chiapas.<\/p>\n\n\n\n<p>Sentir como el calor, no excesivo como hab\u00eda cre\u00eddo, va envolviendo mi cuerpo con esa humedad que siempre hay en Tuxtla.<\/p>\n\n\n\n<p>Dejar de lado, una vez m\u00e1s, el consejo que me doy cada vez que llego a una ciudad nueva de no hablar en exceso con el taxista.&nbsp;<\/p>\n\n\n\n<p>Saber que afuera del auto, la oscuridad esconde el verde esmeralda que extra\u00f1o de vez en cuando; ese color que me niego desaparezca de mi vida, esa fogosidad de la naturaleza que necesito volver a ver para saber que sigo siendo yo y no una sirena seca en el desierto.<\/p>\n\n\n\n<p>Excitarme con cada cosa nueva que descubro en el camino del aeropuerto al hotel, conocer un mundo de gente amable y no por las propinas, sino porque parece que as\u00ed son todos en Tuxtla; te saludan en la calle, te sonr\u00eden sin conocerte, te auxilian si no sabes c\u00f3mo llegar y hasta te hacen de cenar sopita de tortilla calientita, aunque el restaurant vaya a cerrar en diez minutos.<\/p>\n\n\n\n<p>Bajar a desayunar y encontrar a todas estas escritoras maravillosas: Elsa, Fanny, Maru, Perla, Jazm\u00edn, Guadalupe, Alejandra, Marisol, Camelia, que, entre sorbo de caf\u00e9, chistes, contar sus vuelos, beber agua de Jamaica, morder galletitas, alegr\u00eda por conocer a Marisol en persona, y pl\u00e1tica con Beatriz, no dejaron de ultimar detalles para el buen inicio de lo que considero una feria del libro bastante necesaria.<\/p>\n\n\n\n<p>La cuarta emisi\u00f3n de la Feria Nacional del Libro de Escritoras Mexicanas comenz\u00f3 un poco tarde no a causa de la organizaci\u00f3n de estas nueve mujeres, sino por lo de siempre, las autoridades que, con su llegada tarde, no le dieron la importancia que deber\u00eda tener esta feria, no solo porque es nacional, sino porque es un lugar de encuentro para las m\u00faltiples voces femeninas que hay en nuestro pa\u00eds. Pero una vez inaugurada, cada mesa inici\u00f3 a tiempo.<\/p>\n\n\n\n<p>Mi amiga Daniela y yo nos sorprendimos gratamente con la manera como todo fluy\u00f3 sin problemas. Tal vez, el d\u00eda que faltamos a las mesas por irnos a conocer el maravilloso Ca\u00f1\u00f3n del Sumidero, algo fall\u00f3 en alg\u00fan momento, pero estoy segura de que fueron cosas fuera de la organizaci\u00f3n ya que cada una de las nueve promotoras estaba en tiempo y forma en su lugar. Fue un cambio refrescante despu\u00e9s de compartir, Dany y yo, nuestras experiencias de la Internacional de Saltillo, donde nadie nos recibi\u00f3 ni nos ense\u00f1\u00f3 nuestra sala ni nada. En fin, en Chiapas, todas fuimos tratadas como escritoras, as\u00ed fuera tu primer libro, sin importar la edad de cada una, o la cantidad de publicaciones. Nos hicieron sentir como en casa.<\/p>\n\n\n\n<blockquote class=\"wp-block-quote is-layout-flow wp-block-quote-is-layout-flow\"><p>Fue muy grato compartir con escritoras con las mismas o distintas formas de ver la literatura; tener la oportunidad de, efectivamente, hablar en torno a la literatura, no solo la nuestra, sino, desde lo que se est\u00e1 haciendo en nuestra regi\u00f3n, hasta lo universal. Descubrir que disfrutamos de conocidas comunes a pesar de la distancia. Hacer nuevas amistades literarias, gracias a las redes sociales que nos dan la oportunidad de seguir en contacto.<\/p><\/blockquote>\n\n\n\n<p>Un encuentro al que vali\u00f3 mucho la pena ir, a pesar de los problemas de salud, a pesar de no haber podido caminar m\u00e1s, para conocer los alrededores. Bast\u00f3 con darme cuenta de c\u00f3mo las escritoras mexicanas derriban aquel mito de \u201cmujeres juntas, ni difuntas\u201d.&nbsp;<\/p>\n","protected":false},"excerpt":{"rendered":"<p>Llegar a Chiapas. Sentir como el calor, no excesivo como hab\u00eda cre\u00eddo, va envolviendo mi cuerpo con esa humedad que siempre hay en Tuxtla. Dejar de lado, una vez m\u00e1s, &hellip; <a href=\"https:\/\/lavereda.com.mx\/index.php\/2023\/10\/01\/los-riesgos-del-ocio-64\/\" class=\"more-link\">Leer m\u00e1s<\/a><\/p>\n","protected":false},"author":11,"featured_media":5476,"comment_status":"open","ping_status":"open","sticky":false,"template":"","format":"standard","meta":{"footnotes":""},"categories":[5,9],"tags":[32],"class_list":["post-5475","post","type-post","status-publish","format-standard","has-post-thumbnail","hentry","category-letras-y-libros","category-opinion","tag-literatura","entry"],"_links":{"self":[{"href":"https:\/\/lavereda.com.mx\/index.php\/wp-json\/wp\/v2\/posts\/5475","targetHints":{"allow":["GET"]}}],"collection":[{"href":"https:\/\/lavereda.com.mx\/index.php\/wp-json\/wp\/v2\/posts"}],"about":[{"href":"https:\/\/lavereda.com.mx\/index.php\/wp-json\/wp\/v2\/types\/post"}],"author":[{"embeddable":true,"href":"https:\/\/lavereda.com.mx\/index.php\/wp-json\/wp\/v2\/users\/11"}],"replies":[{"embeddable":true,"href":"https:\/\/lavereda.com.mx\/index.php\/wp-json\/wp\/v2\/comments?post=5475"}],"version-history":[{"count":1,"href":"https:\/\/lavereda.com.mx\/index.php\/wp-json\/wp\/v2\/posts\/5475\/revisions"}],"predecessor-version":[{"id":5477,"href":"https:\/\/lavereda.com.mx\/index.php\/wp-json\/wp\/v2\/posts\/5475\/revisions\/5477"}],"wp:featuredmedia":[{"embeddable":true,"href":"https:\/\/lavereda.com.mx\/index.php\/wp-json\/wp\/v2\/media\/5476"}],"wp:attachment":[{"href":"https:\/\/lavereda.com.mx\/index.php\/wp-json\/wp\/v2\/media?parent=5475"}],"wp:term":[{"taxonomy":"category","embeddable":true,"href":"https:\/\/lavereda.com.mx\/index.php\/wp-json\/wp\/v2\/categories?post=5475"},{"taxonomy":"post_tag","embeddable":true,"href":"https:\/\/lavereda.com.mx\/index.php\/wp-json\/wp\/v2\/tags?post=5475"}],"curies":[{"name":"wp","href":"https:\/\/api.w.org\/{rel}","templated":true}]}}