{"id":5472,"date":"2023-09-29T17:50:29","date_gmt":"2023-09-29T17:50:29","guid":{"rendered":"http:\/\/lavereda.com.mx\/?p=5472"},"modified":"2023-09-29T17:50:30","modified_gmt":"2023-09-29T17:50:30","slug":"estoy-bien-una-obra-de-reflexion-y-empatia","status":"publish","type":"post","link":"https:\/\/lavereda.com.mx\/index.php\/2023\/09\/29\/estoy-bien-una-obra-de-reflexion-y-empatia\/","title":{"rendered":"\u201cEstoy bien\u201d: una obra de reflexi\u00f3n y empat\u00eda"},"content":{"rendered":"\n<p>La compa\u00f1\u00eda Esc\u00e9nica Fantoche, bajo la direcci\u00f3n de El\u00edas Garc\u00eda, presenta este s\u00e1bado 30 de septiembre la puesta en escena \u201cEstoy bien\u201d, en el marco del mes de la prevenci\u00f3n del suicidio. La funci\u00f3n a las 19:00 horas<\/p>\n\n\n\n<p>Es con motivo del mes por la prevenci\u00f3n del suicidio que en fantoche nos animamos a hacer est\u00e1 funci\u00f3n de \u00abestoy bien\u00bb en el teatro de c\u00e1mara Jorge M\u00e9ndez, al interior del Centro Cultural Jos\u00e9 R. Mijares.<\/p>\n\n\n\n<p>En esta obra de cabaret vemos a un triste payaso realizar actos cl\u00e1sicos del arte del payaso, po\u00e9ticos y pat\u00e9ticos, mientras somos testigos de su ca\u00edda por una espiral de locura hacia la oscuridad.<\/p>\n\n\n\n<p>\u201cUn show desgarrador y divertido donde se retratan a trav\u00e9s del hip hop el sufrimiento diario de quienes ven su salud mental aquejada por alguna condici\u00f3n que requiere ayuda. Y que nos invita a la reflexi\u00f3n y empat\u00eda\u201d, coment\u00f3 el director El\u00edas Garc\u00eda.<\/p>\n\n\n\n<p>En 45minutos se retrata ansiedad, depresi\u00f3n, esquizofrenia y el suicidio a trav\u00e9s de la m\u00fasica siempre manteniendo una atmosfera de diversi\u00f3n, gracias a los saltos entre las facetas del personaje y los n\u00fameros c\u00f3micos.<\/p>\n\n\n\n<p>Esc\u00e9nica Fantoche es una compa\u00f1\u00eda fundada en agosto de 2018, por El\u00edas Garc\u00eda. Est\u00e1 enfocada en la creaci\u00f3n interdisciplinaria (clown, cabaret, buf\u00f3n, m\u00fasica, poes\u00eda) de ejercicios esc\u00e9nicos po\u00e9ticos y pat\u00e9ticos, que inviten a la reflexi\u00f3n y disfrute de todo tipo de p\u00fablico. Es una compa\u00f1\u00eda comprometida con tocar las m\u00faltiples problem\u00e1ticas que enfrentamos como individuos y comunidad y ayudar en la formaci\u00f3n de nuevos p\u00fablicos.<\/p>\n\n\n\n<p>El costo de la funci\u00f3n es de 70 pesos.<\/p>\n","protected":false},"excerpt":{"rendered":"<p>La compa\u00f1\u00eda Esc\u00e9nica Fantoche, bajo la direcci\u00f3n de El\u00edas Garc\u00eda, presenta este s\u00e1bado 30 de septiembre la puesta en escena \u201cEstoy bien\u201d, en el marco del mes de la prevenci\u00f3n &hellip; <a href=\"https:\/\/lavereda.com.mx\/index.php\/2023\/09\/29\/estoy-bien-una-obra-de-reflexion-y-empatia\/\" class=\"more-link\">Leer m\u00e1s<\/a><\/p>\n","protected":false},"author":9,"featured_media":5473,"comment_status":"open","ping_status":"open","sticky":false,"template":"","format":"standard","meta":{"footnotes":""},"categories":[2,18],"tags":[],"class_list":["post-5472","post","type-post","status-publish","format-standard","has-post-thumbnail","hentry","category-artes-escenicas","category-lomasrelevante","entry"],"_links":{"self":[{"href":"https:\/\/lavereda.com.mx\/index.php\/wp-json\/wp\/v2\/posts\/5472","targetHints":{"allow":["GET"]}}],"collection":[{"href":"https:\/\/lavereda.com.mx\/index.php\/wp-json\/wp\/v2\/posts"}],"about":[{"href":"https:\/\/lavereda.com.mx\/index.php\/wp-json\/wp\/v2\/types\/post"}],"author":[{"embeddable":true,"href":"https:\/\/lavereda.com.mx\/index.php\/wp-json\/wp\/v2\/users\/9"}],"replies":[{"embeddable":true,"href":"https:\/\/lavereda.com.mx\/index.php\/wp-json\/wp\/v2\/comments?post=5472"}],"version-history":[{"count":1,"href":"https:\/\/lavereda.com.mx\/index.php\/wp-json\/wp\/v2\/posts\/5472\/revisions"}],"predecessor-version":[{"id":5474,"href":"https:\/\/lavereda.com.mx\/index.php\/wp-json\/wp\/v2\/posts\/5472\/revisions\/5474"}],"wp:featuredmedia":[{"embeddable":true,"href":"https:\/\/lavereda.com.mx\/index.php\/wp-json\/wp\/v2\/media\/5473"}],"wp:attachment":[{"href":"https:\/\/lavereda.com.mx\/index.php\/wp-json\/wp\/v2\/media?parent=5472"}],"wp:term":[{"taxonomy":"category","embeddable":true,"href":"https:\/\/lavereda.com.mx\/index.php\/wp-json\/wp\/v2\/categories?post=5472"},{"taxonomy":"post_tag","embeddable":true,"href":"https:\/\/lavereda.com.mx\/index.php\/wp-json\/wp\/v2\/tags?post=5472"}],"curies":[{"name":"wp","href":"https:\/\/api.w.org\/{rel}","templated":true}]}}