{"id":5466,"date":"2023-09-27T00:07:37","date_gmt":"2023-09-27T00:07:37","guid":{"rendered":"http:\/\/lavereda.com.mx\/?p=5466"},"modified":"2023-09-27T00:07:39","modified_gmt":"2023-09-27T00:07:39","slug":"inicio-la-filmacion-de-el-pequeno-dragon-cortometraje-en-stop-motion","status":"publish","type":"post","link":"https:\/\/lavereda.com.mx\/index.php\/2023\/09\/27\/inicio-la-filmacion-de-el-pequeno-dragon-cortometraje-en-stop-motion\/","title":{"rendered":"Inici\u00f3 la filmaci\u00f3n de El peque\u00f1o drag\u00f3n, cortometraje en stop motion"},"content":{"rendered":"\n<p>El pasado fin de semana se dio el \u201cclaquetazo\u201d inicial o arranque de filmaci\u00f3n del cortometraje de animaci\u00f3n \u201cEl peque\u00f1o Drag\u00f3n\u201d, dirigido por el creador lagunero Jos\u00e9 Luis Rivera. Ante un grupo de amigos e integrantes de la comunidad cultural, el director present\u00f3 los detalles de este trabajo en stop motion, que se estrenar\u00e1 en el mes de noviembre.<\/p>\n\n\n\n<p>\u201cEl peque\u00f1o drag\u00f3n\u201d es una historia situada en Torre\u00f3n en 1911, en la \u00e9poca en que se viv\u00eda una fuerte campa\u00f1a anti China en esta regi\u00f3n y en todo el pa\u00eds, que deriv\u00f3 en la matanza de chinos el 15 de mayo de ese a\u00f1o en nuestra ciudad.<\/p>\n\n\n\n<p>El director lagunero mostr\u00f3 a un grupo de espectadores las maquetas con la escenograf\u00eda y los personajes de animaci\u00f3n, producto de un trabajo creativo que da muestra del gran talento que existe en la Comarca Lagunera para producir proyectos art\u00edsticos y de cine.<\/p>\n\n\n\n<p>En el proyecto se involucran Koral Studio y Exo Films, dos empresas laguneras dedicadas a la cinematograf\u00eda, artistas como el pintor Esl\u00ed Garc\u00eda, una dise\u00f1adora de modas y otros especialistas en animaci\u00f3n.<\/p>\n\n\n\n<figure class=\"wp-block-image size-full is-resized\"><img fetchpriority=\"high\" decoding=\"async\" src=\"https:\/\/lavereda.com.mx\/wp-content\/uploads\/2023\/09\/WhatsApp-Image-2023-09-26-at-16.47.04.jpg\" alt=\"\" class=\"wp-image-5469\" width=\"745\" height=\"559\" srcset=\"https:\/\/lavereda.com.mx\/wp-content\/uploads\/2023\/09\/WhatsApp-Image-2023-09-26-at-16.47.04.jpg 1000w, https:\/\/lavereda.com.mx\/wp-content\/uploads\/2023\/09\/WhatsApp-Image-2023-09-26-at-16.47.04-300x225.jpg 300w, https:\/\/lavereda.com.mx\/wp-content\/uploads\/2023\/09\/WhatsApp-Image-2023-09-26-at-16.47.04-768x576.jpg 768w\" sizes=\"(max-width: 745px) 100vw, 745px\" \/><\/figure>\n\n\n\n<p>Jos\u00e9 Luis Rivera habl\u00f3 sobre el argumento principal de El peque\u00f1o drag\u00f3n:<\/p>\n\n\n\n<blockquote class=\"wp-block-quote is-layout-flow wp-block-quote-is-layout-flow\"><p>\u201cTrata sobre la historia de Miguel un ni\u00f1o de diez a\u00f1os y Ling Su, una joven comerciante e inmigrante china en la ciudad de Torre\u00f3n en 1911 y los dos crean un v\u00ednculo a trav\u00e9s de la discriminaci\u00f3n que sufren: ella por ser una mujer inmigrante china \u00e9l por ser hijo de un comerciante de frutas y verduras del Mercado Ju\u00e1rez que no tiene un brazo. Eso es algo que los une y los hace construir una amistad fuerte y s\u00f3lida que termina turb\u00e1ndose por los hechos hist\u00f3ricos del 15 de mayo de 1911\u201d.<\/p><\/blockquote>\n\n\n\n<p>El creador comparti\u00f3 que la producci\u00f3n tendr\u00e1 una duraci\u00f3n de 38 d\u00edas, la posproducci\u00f3n un aproximado de 15 y 20 d\u00edas y se planea realizar premier el d\u00eda 15 de noviembre.<\/p>\n\n\n\n<p>Este trabajo es posible gracias al est\u00edmulo que Jos\u00e9 Luis gan\u00f3 en la convocatoria \u201cProyectos cinematogr\u00e1ficos en corto\u201d de la Secretar\u00eda de Cultura de Coahuila en 2023.<\/p>\n\n\n\n<p>El corto en animado es realizado en un estudio adaptado en el emblem\u00e1tico Hotel Francia, ubicado en el sector Alianza de Torre\u00f3n, se trata del hotel m\u00e1s antiguo de la ciudad construido en 1898. Ah\u00ed se present\u00f3 el \u201cclaquetazo incial\u201d, donde los asistentes quedaron sorprendidos ante la creatividad en la elaboraci\u00f3n de las maquetas y marionetas, hechas completamente a mano con minuciosos detalles de color y dise\u00f1o.<\/p>\n\n\n\n<figure class=\"wp-block-image size-large is-resized\"><img decoding=\"async\" src=\"https:\/\/lavereda.com.mx\/wp-content\/uploads\/2023\/09\/WhatsApp-Image-2023-09-26-at-16.47.05-576x1024.jpeg\" alt=\"\" class=\"wp-image-5470\" width=\"307\" height=\"546\" srcset=\"https:\/\/lavereda.com.mx\/wp-content\/uploads\/2023\/09\/WhatsApp-Image-2023-09-26-at-16.47.05-576x1024.jpeg 576w, https:\/\/lavereda.com.mx\/wp-content\/uploads\/2023\/09\/WhatsApp-Image-2023-09-26-at-16.47.05-169x300.jpeg 169w, https:\/\/lavereda.com.mx\/wp-content\/uploads\/2023\/09\/WhatsApp-Image-2023-09-26-at-16.47.05-768x1365.jpeg 768w, https:\/\/lavereda.com.mx\/wp-content\/uploads\/2023\/09\/WhatsApp-Image-2023-09-26-at-16.47.05-864x1536.jpeg 864w, https:\/\/lavereda.com.mx\/wp-content\/uploads\/2023\/09\/WhatsApp-Image-2023-09-26-at-16.47.05.jpeg 900w\" sizes=\"(max-width: 307px) 100vw, 307px\" \/><\/figure>\n","protected":false},"excerpt":{"rendered":"<p>El pasado fin de semana se dio el \u201cclaquetazo\u201d inicial o arranque de filmaci\u00f3n del cortometraje de animaci\u00f3n \u201cEl peque\u00f1o Drag\u00f3n\u201d, dirigido por el creador lagunero Jos\u00e9 Luis Rivera. Ante &hellip; <a href=\"https:\/\/lavereda.com.mx\/index.php\/2023\/09\/27\/inicio-la-filmacion-de-el-pequeno-dragon-cortometraje-en-stop-motion\/\" class=\"more-link\">Leer m\u00e1s<\/a><\/p>\n","protected":false},"author":9,"featured_media":5468,"comment_status":"open","ping_status":"open","sticky":false,"template":"","format":"standard","meta":{"footnotes":""},"categories":[6,18],"tags":[],"class_list":["post-5466","post","type-post","status-publish","format-standard","has-post-thumbnail","hentry","category-cinetv","category-lomasrelevante","entry"],"_links":{"self":[{"href":"https:\/\/lavereda.com.mx\/index.php\/wp-json\/wp\/v2\/posts\/5466","targetHints":{"allow":["GET"]}}],"collection":[{"href":"https:\/\/lavereda.com.mx\/index.php\/wp-json\/wp\/v2\/posts"}],"about":[{"href":"https:\/\/lavereda.com.mx\/index.php\/wp-json\/wp\/v2\/types\/post"}],"author":[{"embeddable":true,"href":"https:\/\/lavereda.com.mx\/index.php\/wp-json\/wp\/v2\/users\/9"}],"replies":[{"embeddable":true,"href":"https:\/\/lavereda.com.mx\/index.php\/wp-json\/wp\/v2\/comments?post=5466"}],"version-history":[{"count":2,"href":"https:\/\/lavereda.com.mx\/index.php\/wp-json\/wp\/v2\/posts\/5466\/revisions"}],"predecessor-version":[{"id":5471,"href":"https:\/\/lavereda.com.mx\/index.php\/wp-json\/wp\/v2\/posts\/5466\/revisions\/5471"}],"wp:featuredmedia":[{"embeddable":true,"href":"https:\/\/lavereda.com.mx\/index.php\/wp-json\/wp\/v2\/media\/5468"}],"wp:attachment":[{"href":"https:\/\/lavereda.com.mx\/index.php\/wp-json\/wp\/v2\/media?parent=5466"}],"wp:term":[{"taxonomy":"category","embeddable":true,"href":"https:\/\/lavereda.com.mx\/index.php\/wp-json\/wp\/v2\/categories?post=5466"},{"taxonomy":"post_tag","embeddable":true,"href":"https:\/\/lavereda.com.mx\/index.php\/wp-json\/wp\/v2\/tags?post=5466"}],"curies":[{"name":"wp","href":"https:\/\/api.w.org\/{rel}","templated":true}]}}