{"id":5453,"date":"2023-09-22T19:12:52","date_gmt":"2023-09-22T19:12:52","guid":{"rendered":"http:\/\/lavereda.com.mx\/?p=5453"},"modified":"2023-09-22T19:21:51","modified_gmt":"2023-09-22T19:21:51","slug":"el-artista-gustavo-montes-sufre-atentado","status":"publish","type":"post","link":"https:\/\/lavereda.com.mx\/index.php\/2023\/09\/22\/el-artista-gustavo-montes-sufre-atentado\/","title":{"rendered":"El artista Gustavo Montes sufre atentado"},"content":{"rendered":"\n<p>El reconocido artista lagunero que cuenta con m\u00e1s de 30 a\u00f1os de trayectoria, Gustavo Montes Rodr\u00edguez, sufri\u00f3 un atentado la tarde del pasado domingo en el centro de G\u00f3mez Palacio, donde el pintor y arquitecto fue apu\u00f1alado por un hombre que iba transitando por la zona.<\/p>\n\n\n\n<p>Gustavo Montes, maestro de arquitectura en la UJED y en la UA de C, platic\u00f3 a <em>La Vereda<\/em> que el domingo se encontraba en casa de su mam\u00e1 en el centro y sali\u00f3 a hacer unas compras, cuando se top\u00f3 con un hombre que persegu\u00eda a una mujer, pero al verlo, de inmediato se lanz\u00f3 contra \u00e9l y lo apu\u00f1al\u00f3.<\/p>\n\n\n\n<p>El artista es atendido en el Hospital del ISSSTE de G\u00f3mez Palacio, donde ya se encuentra fuera de peligro, despu\u00e9s de sufrir da\u00f1os en un pulm\u00f3n. Comparti\u00f3 que ya realiz\u00f3 declaraciones a las autoridades sobre lo ocurrido y est\u00e1 en espera de que se haga justicia.<\/p>\n\n\n\n<p>Gustavo Montes es conocido y admirado por gran parte de la comunidad art\u00edstica lagunera, pues su obra tiene una gran cercan\u00eda a la identidad de esta regi\u00f3n, al desierto, a los colores del paisaje lagunero. Recientemente celebr\u00f3 35 a\u00f1os de carrera art\u00edstica.<\/p>\n\n\n\n<p>Es arquitecto por la Universidad Aut\u00f3noma de Coahuila, ha expuesto de manera individual y colectiva en la regi\u00f3n, as\u00ed como en M\u00e9xico, Cuba, Estados Unidos y Francia desde 1988.<\/p>\n\n\n\n<p>Cuenta con los siguientes reconocimientos: ganador de la primera Bienal Paso del Norte 1996, Reconocimiento Ra\u00fal Esparza del Ayuntamiento de Torre\u00f3n por su trayectoria art\u00edstica en 2002, medalla Miguel Ramos Arizpe al m\u00e9rito acad\u00e9mico por la UA de C en 2012.<\/p>\n\n\n\n<p>Desde 1985 ha tomado diferentes seminarios y cursos en diversas disciplinas art\u00edstica, becario del FONCA por su trayectoria art\u00edstica de 1997 a 1998, ha ilustrado libros y revistas y actualmente es Miembro del Seminario de Cultura Mexicana, corresponsal\u00eda G\u00f3mez Palacio desde el 2015.<\/p>\n","protected":false},"excerpt":{"rendered":"<p>El reconocido artista lagunero que cuenta con m\u00e1s de 30 a\u00f1os de trayectoria, Gustavo Montes Rodr\u00edguez, sufri\u00f3 un atentado la tarde del pasado domingo en el centro de G\u00f3mez Palacio, &hellip; <a href=\"https:\/\/lavereda.com.mx\/index.php\/2023\/09\/22\/el-artista-gustavo-montes-sufre-atentado\/\" class=\"more-link\">Leer m\u00e1s<\/a><\/p>\n","protected":false},"author":9,"featured_media":1456,"comment_status":"open","ping_status":"open","sticky":false,"template":"","format":"standard","meta":{"footnotes":""},"categories":[18,8],"tags":[],"class_list":["post-5453","post","type-post","status-publish","format-standard","has-post-thumbnail","hentry","category-lomasrelevante","category-sociedad","entry"],"_links":{"self":[{"href":"https:\/\/lavereda.com.mx\/index.php\/wp-json\/wp\/v2\/posts\/5453","targetHints":{"allow":["GET"]}}],"collection":[{"href":"https:\/\/lavereda.com.mx\/index.php\/wp-json\/wp\/v2\/posts"}],"about":[{"href":"https:\/\/lavereda.com.mx\/index.php\/wp-json\/wp\/v2\/types\/post"}],"author":[{"embeddable":true,"href":"https:\/\/lavereda.com.mx\/index.php\/wp-json\/wp\/v2\/users\/9"}],"replies":[{"embeddable":true,"href":"https:\/\/lavereda.com.mx\/index.php\/wp-json\/wp\/v2\/comments?post=5453"}],"version-history":[{"count":2,"href":"https:\/\/lavereda.com.mx\/index.php\/wp-json\/wp\/v2\/posts\/5453\/revisions"}],"predecessor-version":[{"id":5455,"href":"https:\/\/lavereda.com.mx\/index.php\/wp-json\/wp\/v2\/posts\/5453\/revisions\/5455"}],"wp:featuredmedia":[{"embeddable":true,"href":"https:\/\/lavereda.com.mx\/index.php\/wp-json\/wp\/v2\/media\/1456"}],"wp:attachment":[{"href":"https:\/\/lavereda.com.mx\/index.php\/wp-json\/wp\/v2\/media?parent=5453"}],"wp:term":[{"taxonomy":"category","embeddable":true,"href":"https:\/\/lavereda.com.mx\/index.php\/wp-json\/wp\/v2\/categories?post=5453"},{"taxonomy":"post_tag","embeddable":true,"href":"https:\/\/lavereda.com.mx\/index.php\/wp-json\/wp\/v2\/tags?post=5453"}],"curies":[{"name":"wp","href":"https:\/\/api.w.org\/{rel}","templated":true}]}}