{"id":5448,"date":"2023-09-21T01:59:20","date_gmt":"2023-09-21T01:59:20","guid":{"rendered":"http:\/\/lavereda.com.mx\/?p=5448"},"modified":"2023-09-21T02:00:02","modified_gmt":"2023-09-21T02:00:02","slug":"las-cuatro-estaciones-de-vivaldi-sonaran-de-nuevo-con-la-camerata-de-coahuila","status":"publish","type":"post","link":"https:\/\/lavereda.com.mx\/index.php\/2023\/09\/21\/las-cuatro-estaciones-de-vivaldi-sonaran-de-nuevo-con-la-camerata-de-coahuila\/","title":{"rendered":"Las Cuatro estaciones de Vivaldi sonar\u00e1n de nuevo con la Camerata de Coahuila"},"content":{"rendered":"\n<p>El talentoso violinista y concertino de la Camerata de Coahuila, Ismael Estevan\u00e9, regresa como solista y tambi\u00e9n como director con la obra \u00abLas cuatro estaciones de Vivaldi\u00bb, este viernes y domingo en el Teatro Isauro Mart\u00ednez.<\/p>\n\n\n\n<p>La obra musical m\u00e1s tocada en el mundo y la m\u00e1s conocida del compositor italiano Antonio Vivaldi, regresa para emocionarnos en el pasar de la primavera, el verano, el oto\u00f1o y el invierno, bajo la direcci\u00f3n del Maestro Ismael Estevan\u00e9.<\/p>\n\n\n\n<p>Las Cuatro Estaciones Opus 8 1-4 es un conjunto de cuatro conciertos para viol\u00edn, compuesto en 1723. Tiene la forma del concierto para viol\u00edn, lo que significa que un viol\u00edn toca, acompa\u00f1ado por una orquesta de c\u00e1mara. <\/p>\n\n\n\n<p>El contenido de cada concierto es variado y evoca cada una de las estaciones: la primavera, el verano, el oto\u00f1o y el invierno. Los conciertos llevan el nombre de cada estaci\u00f3n, un soneto acompa\u00f1a a cada uno de estos. Vivaldi escribi\u00f3 en las partituras la correspondencia precisa con los poemas, adem\u00e1s de la presencia de ruidos externos que agregan veracidad al discurso musical de las estaciones: silbidos de p\u00e1jaros, ladridos de perros, truenos, gotas de lluvia y m\u00e1s.<br>Adem\u00e1s el cuarto concierto de la temporada contar\u00e1 con las obras: Suite \u201cDon Quijote\u201d TWV 55:G10 de Georg Philipp Telemann y el Concierto para viol\u00edn no. 8 en sol menor, RV.332, Op.8 de Antonio Vivaldi.<\/p>\n\n\n\n<p>El tercer concierto contar\u00e1 con 2 presentaciones, este 22 de septiembre en punto de las 20:30 horas. Y el domingo 24 de septiembre en punto de las 12:00 horas en el Teatro Isauro Mart\u00ednez.<\/p>\n\n\n\n<p><br><\/p>\n\n\n\n<p><strong>TRAYECTORIA<\/strong><\/p>\n\n\n\n<p>El violinista Ismael Isauro Estevan\u00e9 Rasc\u00f3n es originario de la ciudad de Chihuahua, Chih. A la edad de 12 a\u00f1os inici\u00f3 sus estudios de viol\u00edn en el Centro de Estudios Musicales (CEM) y en el Conservatorio de Chihuahua. En el a\u00f1o 2007 ingres\u00f3 al Conservatorio de las Rosas, para estudiar con la Maestra Gellya Dubrova, convirti\u00e9ndose en uno de los alumnos m\u00e1s destacados de esta instituci\u00f3n.<\/p>\n\n\n\n<p>En agosto de 2011 gan\u00f3 el Premio Estatal de la Juventud en la categor\u00eda de expresi\u00f3n art\u00edstica que otorga el Instituto Chihuahuense de la Juventud y en el mismo a\u00f1o obtuvo la Beca de apoyo a la creaci\u00f3n art\u00edstica \u201cDavid Alfaro Siqueiros\u201d otorgada por el Instituto Chihuahuense de la Cultura.<\/p>\n\n\n\n<p>En abril del 2013 gan\u00f3 el puesto de Concertino de la OSENM-UNAM para tocar en la inauguraci\u00f3n del YOUNG EURO CLASSIC en la gran Konzerthaus en Berl\u00edn, Alemania. En junio del 2022 fue seleccionado para representar a M\u00e9xico como miembro de la Orquesta Internacional Collegium-Musicum realizada en el Castillo Weissenstein Pommersfelden, Alemania, campamento internacional que re\u00fane a diversos j\u00f3venes de m\u00e1s de 20 pa\u00edses.<\/p>\n\n\n\n<p><\/p>\n","protected":false},"excerpt":{"rendered":"<p>El talentoso violinista y concertino de la Camerata de Coahuila, Ismael Estevan\u00e9, regresa como solista y tambi\u00e9n como director con la obra \u00abLas cuatro estaciones de Vivaldi\u00bb, este viernes y &hellip; <a href=\"https:\/\/lavereda.com.mx\/index.php\/2023\/09\/21\/las-cuatro-estaciones-de-vivaldi-sonaran-de-nuevo-con-la-camerata-de-coahuila\/\" class=\"more-link\">Leer m\u00e1s<\/a><\/p>\n","protected":false},"author":9,"featured_media":5450,"comment_status":"open","ping_status":"open","sticky":false,"template":"","format":"standard","meta":{"footnotes":""},"categories":[2,4],"tags":[],"class_list":["post-5448","post","type-post","status-publish","format-standard","has-post-thumbnail","hentry","category-artes-escenicas","category-musica","entry"],"_links":{"self":[{"href":"https:\/\/lavereda.com.mx\/index.php\/wp-json\/wp\/v2\/posts\/5448","targetHints":{"allow":["GET"]}}],"collection":[{"href":"https:\/\/lavereda.com.mx\/index.php\/wp-json\/wp\/v2\/posts"}],"about":[{"href":"https:\/\/lavereda.com.mx\/index.php\/wp-json\/wp\/v2\/types\/post"}],"author":[{"embeddable":true,"href":"https:\/\/lavereda.com.mx\/index.php\/wp-json\/wp\/v2\/users\/9"}],"replies":[{"embeddable":true,"href":"https:\/\/lavereda.com.mx\/index.php\/wp-json\/wp\/v2\/comments?post=5448"}],"version-history":[{"count":3,"href":"https:\/\/lavereda.com.mx\/index.php\/wp-json\/wp\/v2\/posts\/5448\/revisions"}],"predecessor-version":[{"id":5452,"href":"https:\/\/lavereda.com.mx\/index.php\/wp-json\/wp\/v2\/posts\/5448\/revisions\/5452"}],"wp:featuredmedia":[{"embeddable":true,"href":"https:\/\/lavereda.com.mx\/index.php\/wp-json\/wp\/v2\/media\/5450"}],"wp:attachment":[{"href":"https:\/\/lavereda.com.mx\/index.php\/wp-json\/wp\/v2\/media?parent=5448"}],"wp:term":[{"taxonomy":"category","embeddable":true,"href":"https:\/\/lavereda.com.mx\/index.php\/wp-json\/wp\/v2\/categories?post=5448"},{"taxonomy":"post_tag","embeddable":true,"href":"https:\/\/lavereda.com.mx\/index.php\/wp-json\/wp\/v2\/tags?post=5448"}],"curies":[{"name":"wp","href":"https:\/\/api.w.org\/{rel}","templated":true}]}}