{"id":5437,"date":"2023-09-18T02:49:53","date_gmt":"2023-09-18T02:49:53","guid":{"rendered":"http:\/\/lavereda.com.mx\/?p=5437"},"modified":"2023-09-18T02:49:55","modified_gmt":"2023-09-18T02:49:55","slug":"no-estas-invitada-a-mi-mat-bitzva","status":"publish","type":"post","link":"https:\/\/lavereda.com.mx\/index.php\/2023\/09\/18\/no-estas-invitada-a-mi-mat-bitzva\/","title":{"rendered":"\u00a1No est\u00e1s invitada a mi Mat Bitzv\u00e1!"},"content":{"rendered":"\n<p>You Are So Not Invited to My Bat Mitzvah, 2023<\/p>\n\n\n\n<p>Netflix<\/p>\n\n\n\n<p>Para las chicas de la comunidad jud\u00eda, el paso de la adolescencia a la edad adulta es muy significativa. Y se confirma mediante una gran celebraci\u00f3n, el Bat Mitzv\u00e1, en la que se hace el anuncio de la transformaci\u00f3n y el ingreso de la chica a la sociedad.<\/p>\n\n\n\n<p>En esta comedia moderna, llena de gadgets, Stacy (Sunny Sandler) vive en una familia jud\u00eda tradicional, donde todas sus amigas son de la misma religi\u00f3n. Inesperadamente se distancia de su mejor amiga Samantha, debido a que comienza a ser novia del chico que le gustaba.<\/p>\n\n\n\n<p>Ese disgusto provocar\u00e1 que Sunny arruine, de la peor manera, el Bar Mitzv\u00e1 de su ex amiga, provoc\u00e1ndole un rid\u00edculo may\u00fasculo. Arrepentida, no sabe si podr\u00e1 enmendar su error, del que se encuentra terriblemente arrepentida.<\/p>\n\n\n\n<p>La cinta es todo un mont\u00f3n de clich\u00e9s sobre los usos y costumbres de la comunidad jud\u00eda.<\/p>\n\n\n\n<p>Adam Sandler co estelariza esta historia, que produce y en la que incluye a su esposa y dos hijas de la vida real.<\/p>\n\n\n\n<p>Es divertida, y con humor propio de adolescentes.<\/p>\n\n\n\n<p>(PG-13. Orientaci\u00f3n de los padres a menores de 13 a\u00f1os)<\/p>\n\n\n\n<p>@LucianoCamposG<\/p>\n\n\n\n<figure class=\"wp-block-embed is-type-video is-provider-youtube wp-block-embed-youtube wp-embed-aspect-16-9 wp-has-aspect-ratio\"><div class=\"wp-block-embed__wrapper\">\n<iframe title=\"\u00a1No est\u00e1s\u00a0invitada a mi bat\u00a0mitzv\u00e1! | Tr\u00e1iler\u00a0oficial | Netflix\" width=\"1170\" height=\"658\" src=\"https:\/\/www.youtube.com\/embed\/Td90WXh2SM0?feature=oembed\" frameborder=\"0\" allow=\"accelerometer; autoplay; clipboard-write; encrypted-media; gyroscope; picture-in-picture; web-share\" allowfullscreen><\/iframe>\n<\/div><\/figure>\n","protected":false},"excerpt":{"rendered":"<p>You Are So Not Invited to My Bat Mitzvah, 2023 Netflix Para las chicas de la comunidad jud\u00eda, el paso de la adolescencia a la edad adulta es muy significativa. &hellip; <a href=\"https:\/\/lavereda.com.mx\/index.php\/2023\/09\/18\/no-estas-invitada-a-mi-mat-bitzva\/\" class=\"more-link\">Leer m\u00e1s<\/a><\/p>\n","protected":false},"author":3,"featured_media":5438,"comment_status":"open","ping_status":"open","sticky":false,"template":"","format":"standard","meta":{"footnotes":""},"categories":[6],"tags":[],"class_list":["post-5437","post","type-post","status-publish","format-standard","has-post-thumbnail","hentry","category-cinetv","entry"],"_links":{"self":[{"href":"https:\/\/lavereda.com.mx\/index.php\/wp-json\/wp\/v2\/posts\/5437","targetHints":{"allow":["GET"]}}],"collection":[{"href":"https:\/\/lavereda.com.mx\/index.php\/wp-json\/wp\/v2\/posts"}],"about":[{"href":"https:\/\/lavereda.com.mx\/index.php\/wp-json\/wp\/v2\/types\/post"}],"author":[{"embeddable":true,"href":"https:\/\/lavereda.com.mx\/index.php\/wp-json\/wp\/v2\/users\/3"}],"replies":[{"embeddable":true,"href":"https:\/\/lavereda.com.mx\/index.php\/wp-json\/wp\/v2\/comments?post=5437"}],"version-history":[{"count":1,"href":"https:\/\/lavereda.com.mx\/index.php\/wp-json\/wp\/v2\/posts\/5437\/revisions"}],"predecessor-version":[{"id":5439,"href":"https:\/\/lavereda.com.mx\/index.php\/wp-json\/wp\/v2\/posts\/5437\/revisions\/5439"}],"wp:featuredmedia":[{"embeddable":true,"href":"https:\/\/lavereda.com.mx\/index.php\/wp-json\/wp\/v2\/media\/5438"}],"wp:attachment":[{"href":"https:\/\/lavereda.com.mx\/index.php\/wp-json\/wp\/v2\/media?parent=5437"}],"wp:term":[{"taxonomy":"category","embeddable":true,"href":"https:\/\/lavereda.com.mx\/index.php\/wp-json\/wp\/v2\/categories?post=5437"},{"taxonomy":"post_tag","embeddable":true,"href":"https:\/\/lavereda.com.mx\/index.php\/wp-json\/wp\/v2\/tags?post=5437"}],"curies":[{"name":"wp","href":"https:\/\/api.w.org\/{rel}","templated":true}]}}