{"id":5431,"date":"2023-09-15T18:37:21","date_gmt":"2023-09-15T18:37:21","guid":{"rendered":"http:\/\/lavereda.com.mx\/?p=5431"},"modified":"2023-09-15T18:37:22","modified_gmt":"2023-09-15T18:37:22","slug":"muere-el-gran-artista-colombiano-fernando-botero","status":"publish","type":"post","link":"https:\/\/lavereda.com.mx\/index.php\/2023\/09\/15\/muere-el-gran-artista-colombiano-fernando-botero\/","title":{"rendered":"Muere el gran artista colombiano Fernando Botero"},"content":{"rendered":"\n<p>El m\u00e1s reconocido pintor y escultor de la historia de Colombia y uno de los m\u00e1s importantes en el arte actual universal, Fernando Botero, falleci\u00f3 este viernes 15 de septiembre a los 91 a\u00f1os.<\/p>\n\n\n\n<p>La obra de este artista se exhibi\u00f3 en el Museo Arocena de Torre\u00f3n en el 2013, con la obra \u00abTestimonios de la barbarie\u00bb, en una \u00e9poca que coincidi\u00f3 con la ola de violencia que sufr\u00eda el pa\u00eds y la regi\u00f3n lagunera. Ha sido una de las exposiciones m\u00e1s reconocidas de este recinto.<\/p>\n\n\n\n<p>Las obras de Botero la han dado la vuelta al mundo. Sus pinturas destacadas por personajes de grandes dimensiones, se han exhibido en los museos m\u00e1s importantes del mundo y sus esculturas han adornado calles y plazas de grandes capitales, incluidas Madrid, Par\u00eds, Londres y Roma.<\/p>\n\n\n\n<p>Botero<strong>\u00a0<\/strong>naci\u00f3 en\u00a0Medell\u00edn, el 19 de abril de 1932 y falleci\u00f3 este viernes 15 de septiembre en<strong>\u00a0<\/strong>M\u00f3naco. Si bien su carrera comenz\u00f3 a despegar en la d\u00e9cada de los 60, desde su adolescencia empez\u00f3 a publicar sus primeras\u00a0ilustraciones\u00a0en medios locales de su natal\u00a0Medell\u00edn.<\/p>\n\n\n\n<figure class=\"wp-block-image size-full is-resized\"><img fetchpriority=\"high\" decoding=\"async\" src=\"https:\/\/lavereda.com.mx\/wp-content\/uploads\/2023\/09\/131100461_gettyimages-1125531840.jpg\" alt=\"\" class=\"wp-image-5432\" width=\"556\" height=\"313\" srcset=\"https:\/\/lavereda.com.mx\/wp-content\/uploads\/2023\/09\/131100461_gettyimages-1125531840.jpg 640w, https:\/\/lavereda.com.mx\/wp-content\/uploads\/2023\/09\/131100461_gettyimages-1125531840-300x169.jpg 300w\" sizes=\"(max-width: 556px) 100vw, 556px\" \/><\/figure>\n\n\n\n<p>Una vez que termin\u00f3 sus estudios secundarios se mud\u00f3 a\u00a0Bogot\u00e1<strong>\u00a0<\/strong>en 1951, cuando tuvo su primera exposici\u00f3n en la\u00a0galer\u00eda Leo Matiz\u00a0donde present\u00f3\u00a0oleos,\u00a0acuarelas\u00a0y\u00a0tintas, entre otros.<\/p>\n\n\n\n<p>\u00abSu monumental forma de ver la vida dej\u00f3 un gran\u00a0legado cultural\u00a0en el campo de la pintura donde inmortaliz\u00f3 a\u00a0toreros,\u00a0mujeres,\u00a0campesinos\u00a0y\u00a0sacerdotes<strong>\u00a0<\/strong>entre muchos otros, todos con su caracter\u00edstico volumen, en ocasiones como un cr\u00edtica a la pol\u00edtica\u00bb, public\u00f3 la revista FORBES.<\/p>\n","protected":false},"excerpt":{"rendered":"<p>El m\u00e1s reconocido pintor y escultor de la historia de Colombia y uno de los m\u00e1s importantes en el arte actual universal, Fernando Botero, falleci\u00f3 este viernes 15 de septiembre &hellip; <a href=\"https:\/\/lavereda.com.mx\/index.php\/2023\/09\/15\/muere-el-gran-artista-colombiano-fernando-botero\/\" class=\"more-link\">Leer m\u00e1s<\/a><\/p>\n","protected":false},"author":9,"featured_media":5433,"comment_status":"open","ping_status":"open","sticky":false,"template":"","format":"standard","meta":{"footnotes":""},"categories":[3],"tags":[],"class_list":["post-5431","post","type-post","status-publish","format-standard","has-post-thumbnail","hentry","category-artes-visuales","entry"],"_links":{"self":[{"href":"https:\/\/lavereda.com.mx\/index.php\/wp-json\/wp\/v2\/posts\/5431","targetHints":{"allow":["GET"]}}],"collection":[{"href":"https:\/\/lavereda.com.mx\/index.php\/wp-json\/wp\/v2\/posts"}],"about":[{"href":"https:\/\/lavereda.com.mx\/index.php\/wp-json\/wp\/v2\/types\/post"}],"author":[{"embeddable":true,"href":"https:\/\/lavereda.com.mx\/index.php\/wp-json\/wp\/v2\/users\/9"}],"replies":[{"embeddable":true,"href":"https:\/\/lavereda.com.mx\/index.php\/wp-json\/wp\/v2\/comments?post=5431"}],"version-history":[{"count":1,"href":"https:\/\/lavereda.com.mx\/index.php\/wp-json\/wp\/v2\/posts\/5431\/revisions"}],"predecessor-version":[{"id":5434,"href":"https:\/\/lavereda.com.mx\/index.php\/wp-json\/wp\/v2\/posts\/5431\/revisions\/5434"}],"wp:featuredmedia":[{"embeddable":true,"href":"https:\/\/lavereda.com.mx\/index.php\/wp-json\/wp\/v2\/media\/5433"}],"wp:attachment":[{"href":"https:\/\/lavereda.com.mx\/index.php\/wp-json\/wp\/v2\/media?parent=5431"}],"wp:term":[{"taxonomy":"category","embeddable":true,"href":"https:\/\/lavereda.com.mx\/index.php\/wp-json\/wp\/v2\/categories?post=5431"},{"taxonomy":"post_tag","embeddable":true,"href":"https:\/\/lavereda.com.mx\/index.php\/wp-json\/wp\/v2\/tags?post=5431"}],"curies":[{"name":"wp","href":"https:\/\/api.w.org\/{rel}","templated":true}]}}