{"id":5429,"date":"2023-09-15T23:24:20","date_gmt":"2023-09-15T23:24:20","guid":{"rendered":"http:\/\/lavereda.com.mx\/?p=5429"},"modified":"2023-09-15T23:24:21","modified_gmt":"2023-09-15T23:24:21","slug":"the-nun-2-2023","status":"publish","type":"post","link":"https:\/\/lavereda.com.mx\/index.php\/2023\/09\/15\/the-nun-2-2023\/","title":{"rendered":"The Nun 2 (2023)"},"content":{"rendered":"\n<p>Diez a\u00f1os han pasado desde que se comenz\u00f3 el Universo Warren, como se conoce a todas las cintas que forman parte de la saga que inici\u00f3 con The Conjuring en agosto del a\u00f1o 2014, siendo de la que escribo en esta ocasi\u00f3n la novena de una serie de pel\u00edculas que han quedado debiendo m\u00e1s y m\u00e1s a los espectadores, hasta resultar en productos totalmente olvidables. \u00bfEsta entrega repite esto o puede catalogarse como una mejora? Ambas respuestas, por contradictorio que suene, tienen una respuesta positiva, lo que explico a continuaci\u00f3n.<\/p>\n\n\n\n<p>Primero la trama, con algunos spoilers. Esta inicia en 1956, cuatro a\u00f1os despu\u00e9s de la primera y repite a casi todos los personajes principales (as\u00ed como clich\u00e9s y vicios) de la cinta anterior, los cuales no son muchos, pero ahora son menos, ya que el Padre Burke ha muerto, como se nos indica de forma parca y sin una mayor explicaci\u00f3n, posiblemente porque la producci\u00f3n no estuvo conforme con que Demi\u00e1n Bichir no aceptara participar, ya que es probable que el actor tuviera que escoger entre la muerte de su personaje o la de su carrera y renombre como histri\u00f3n respetable, despu\u00e9s del bodrio que result\u00f3 la cinta pasada.<\/p>\n\n\n\n<p>Esto lo sabemos una vez que hace su aparici\u00f3n la hermana Irene, de nuevo interpretada por Taissa Farmiga, quien se aferra con evidente desesperaci\u00f3n a este universo debido a que, a pesar de haber iniciado su carrera de la mano de Sofia Coppola y trabajar bajo las \u00f3rdenes de Clint Eastwood, no ha logrado repuntar m\u00e1s all\u00e1 de las producciones de Ryan Murphy y este personaje que, la verdad sea dicha, le fue brindado m\u00e1s por el parecido que tiene con su hermana Vera, que por m\u00e9ritos propios.\u00a0 Volviendo a la historia, Irene se encuentra llevando una vida tranquila en un convento de Italia, tratando de olvidar lo sucedido al enfrentarse a Valak (porque nada como el trabajo duro para superar que casi fuiste arrastrada la infierno por una entidad demoniaca), cuando recibe la visita de un cardenal que le ordena con el tono autoritario e intransigente estereot\u00edpico de ese tipo de personajes unidimensionales, investigar una serie de asesinatos (uno de los cuales se muestra en la secuencia introductoria de la pel\u00edcula) que parecen indicar (sorpresa para nadie) que el demonio no fue destruido en la cinta anterior, por lo que ella, sola, sin mayor protecci\u00f3n o apoyo extra, en una decisi\u00f3n por dem\u00e1s carente de sentido, debe partir a Tarasc\u00f3n, lugar del \u00faltimo asesinato, para descubrir que est\u00e1 sucediendo; pueden mandar un ej\u00e9rcito de exorcistas, pero no, una monja sola y traumatizada es la opci\u00f3n ideal para esto, pero bueno. <\/p>\n\n\n\n<p>En el camino se descubre que la hermana Debra (Storm Reid) quien se nos hab\u00eda mostrado en el convento, como una novicia rebelde sin fe que es ingresada en el mismo obligada por su padre, se ha escapado y abordado al tren, viendo en la investigaci\u00f3n de Irene una oportunidad para salir de la monoton\u00eda que hace que se pudra de aburrimiento, lo cual se agradece porque sus escenas son de las mejores; as\u00ed como los productores de la cinta vieron en la actriz afroamericana (bastante solvente y carism\u00e1tica, debo aceptar), la oportunidad de llenar la cuota de inclusi\u00f3n racial, porque si mataste al personaje mexicano, se abre la oportunidad de llenar el espacio con cualquier otra minor\u00eda de forma descarada. Juntas comenzar\u00e1n una labor detectivesca, misma que se basa en su mayor\u00eda en las visiones de Irene, m\u00e1s que en un verdadero desarrollo intelectual, que las llevar\u00e1n a juntar las pistas necesarias para descubrir que es lo que busca y d\u00f3nde se encuentra ahora el demonio.<\/p>\n\n\n\n<p>Lo anterior se mezcla con la historia de Maurice, el otro sobreviviente de la primera parte, de nuevo interpretado por Jonas Bloquet, a quien parece que tampoco se le ha facilitado conseguir buenos papeles despu\u00e9s de su nominaci\u00f3n al Cesar por la cinta Elle (2016), ya que no ha logrado nada relevante desde entonces (pel\u00edculas sin mayor \u00e9xito y series canceladas en su historial), y volver a un nicho seguro pudo parecerle su mejor opci\u00f3n, volviendo a la piel del cuasi inter\u00e9s amoroso de la protagonista (lo que se&nbsp; puede dentro de la clasificaci\u00f3n PG 13 de la cinta), s\u00f3lo que ahora trabajando como el intendente de un internado en Francia, donde ha entablado amistad con una ni\u00f1a de nombre Sophie (Katelyn Rose Downey), al mismo tiempo que muestra inter\u00e9s rom\u00e1ntico para con la madre de esta, la maestra Kate (Anna Popplewell), porque es evidente que no puedes mantenerte plat\u00f3nicamente enamorado para la eternidad de una monja. Ah\u00ed se nos muestra el acoso que sufre la ni\u00f1a, pero tambi\u00e9n una serie de sucesos extra\u00f1os que est\u00e1n relacionados con una capilla a medio derrumbar a la que les est\u00e1 prohibido ingresar, as\u00ed como ciertos avistamientos extra\u00f1os en todo el lugar.<\/p>\n\n\n\n<p>Con la investigaci\u00f3n de las primeras en marcha y los sucesos extra\u00f1os que ocurren alrededor del segundo, s\u00f3lo es cuesti\u00f3n de tiempo para que ambos se reencuentren, ya que su antiguo enemigo, el demonio Valak, parece tener al internado como meta final en su b\u00fasqueda de ese algo que tanto anhela.<\/p>\n\n\n\n<p>Con la trama a medio explicar, en esta ocasi\u00f3n comenzare hablando de los puntos que considero los fuertes de la pel\u00edcula, que si bien no son sobrados o de una val\u00eda que pasar\u00e1 a la historia, tiene sus momentos y vale la pena mencionarlos. Lo primero que salta es que, a pesar de que en todas las de este universo se realiza una investigaci\u00f3n sobre el demonio o esp\u00edritu que aqueja a los protagonistas, en esta ocasi\u00f3n la historia es lo suficientemente inteligente para abordar la trama por el lado del suspenso, tanto en la investigaci\u00f3n de las monjas, que deben seguir pistas y el rastro de cad\u00e1veres para descubrir los planes del Valak; como por el lado de Maurice, donde todo es narrado a trav\u00e9s de la mirada infantil de Sophie, dejando ver muy poco de lo que ocurre en realidad o los motivos de los sucesos. En este sentido la cinta se acerca m\u00e1s al suspenso que al terror com\u00fan, aunque no es ajena a este. Esto logra darle una personalidad propia en medio de todas las dem\u00e1s, lo cual es de aplaudirse.<\/p>\n\n\n\n<p>Otro aspecto para mencionar en el apartado de los pros es cierto desarrollo t\u00e9cnico, como la atmosfera apoyada por la muy precisa y eficaz fotograf\u00eda de Tristan Nyby, que recuerda a un cine m\u00e1s cl\u00e1sico, incluso por momentos (con sus abismales diferencias, obvio) a The Exorcist (1973) cercano m\u00e1s al thriller que al horror b\u00e1sico. El dise\u00f1o de ciertas personificaciones de Valak (sobre todo una relacionada con una cabra), as\u00ed como unos sets pieces como uno que tiene como centro un puesto de revistas, hace ver que por momentos la producci\u00f3n intento crear algo original, lo que se logra en esos puntos mencionados, pero que son islas en medio de un mar de repeticiones ya vistas.<\/p>\n\n\n\n<p>Con esto ya mencionado, el resto de la trama se vuelve un constante uso de efectismos vistos hasta la saciedad, como esas tomas en pasillos largos que no llevan a nada, utilizados al extremo en la entrega anterior, los sustos falsos, as\u00ed como los verdaderos que a estas alturas todo el p\u00fablico (supongo) ve venir de la misma manera que una desestabilizaci\u00f3n econ\u00f3mica con un cambio presidencial. &nbsp;Claro que hay momentos que logran asustar, pero son los menos una vez que se han visto demasiadas pel\u00edculas del g\u00e9nero y sabemos que cierto tipo de m\u00fasica sumado a concierto movimiento de c\u00e1mara s\u00f3lo pueden significar dos cosas: algo totalmente com\u00fan que nos ser\u00e1 mostrado, como un ave encerrada en alg\u00fan punto que sale disparada volando, o la presencia misma del ser sobrenatural que se busca destruir. Siendo la mayor\u00eda de los casos la primera opci\u00f3n.<\/p>\n\n\n\n<p>Si bien en la \u00faltima parte, ya m\u00e1s cercana a la acci\u00f3n o al cine de superh\u00e9roes (con su versi\u00f3n de alguna gema del infinito incluida), la cinta repunta en cuanto a ritmo, sobre todo por la parte relacionada con las ni\u00f1as del internado y la hermana Debra, que se roban con sus escenas mucho del peso final, aunque dejando un poco a Irene para que se luzca cuando llega el momento de mostrar sus \u201csuperpoderes\u201d en su m\u00e1xima expresi\u00f3n.<\/p>\n\n\n\n<p>The Nun 2 para muchos ha sido de las mejores de la saga (lo cual tampoco es un list\u00f3n muy alto para superar), pero para otros tanto unas de las peores, aunque por lo menos intenta algo diferente. Posiblemente esto se deba a que uno de los guionistas fue Akela Cooper, que si bien no ha recibido el aplauso un\u00e1nime, de sus cintas Malignant (2021) y M3GAN (2022), se puede decir todo, menos que carecen de originalidad y una visi\u00f3n fresca sobre cosas ya vistas. Posiblemente la raz\u00f3n de que James Wan, el productor, le haya encargado apoyar en la escritora, puesto que el director Michael Chaves (a quien no entiendo porque siguen d\u00e1ndole tantas oportunidades) no ha dado en el clavo una sola vez, dirigiendo las dos cintas previas de menor recaudaci\u00f3n (cosa que se repite en esta ocasi\u00f3n) y algunas de las que han tenido peores comentarios desde de la saga. Del rigor hist\u00f3rico no habalremos, porque nadie esta buscando aqu\u00ed un documental, pero errores en cuanto a pr\u00e1cticas y costumbres cat\u00f3licas hay varios, pero repito, nadie espera un documental en esto.<\/p>\n\n\n\n<p>The Nun 2 pudo funcionar mejor si se hubiera decidido por un g\u00e9nero o tono, ya que mientras con el suspenso logra mucho, al llegar al horror se desvanece todo \u00e1pice de calidad que pudo haber tenido. Todo esto a los fan\u00e1ticos no les interesa y correr\u00e1n a verla, como un servidor lo hizo, pero m\u00e1s por un instinto de inercia que por unas ganas tremendas de ver la nueva entrega de un producto donde las referencias a los Warren terminan siendo mucho m\u00e1s llamativas que la cinta completa. Posiblemente se desarrolle una tercera parte, porque si Valak aparece en cintas de \u00e9pocas m\u00e1s actuales, es porque sigue con vida, a pesar de lo que nos hayan hecho creer en estas dos pel\u00edculas. Recomendable s\u00f3lo si no hay otra cosa en cartelera o si eres fan empedernido de la franquicia pero, salvo una reinvenci\u00f3n de la misma (como el caso Scream), se nos seguir\u00e1n brindando este tipo de pel\u00edculas, que no aportan mucho a la saga o el cine en general, por lo que lo mejor ser\u00eda finalizarla cuando todav\u00eda le queda algo de p\u00fablico.<\/p>\n","protected":false},"excerpt":{"rendered":"<p>Diez a\u00f1os han pasado desde que se comenz\u00f3 el Universo Warren, como se conoce a todas las cintas que forman parte de la saga que inici\u00f3 con The Conjuring en &hellip; <a href=\"https:\/\/lavereda.com.mx\/index.php\/2023\/09\/15\/the-nun-2-2023\/\" class=\"more-link\">Leer m\u00e1s<\/a><\/p>\n","protected":false},"author":13,"featured_media":5435,"comment_status":"open","ping_status":"open","sticky":false,"template":"","format":"standard","meta":{"footnotes":""},"categories":[6],"tags":[],"class_list":["post-5429","post","type-post","status-publish","format-standard","has-post-thumbnail","hentry","category-cinetv","entry"],"_links":{"self":[{"href":"https:\/\/lavereda.com.mx\/index.php\/wp-json\/wp\/v2\/posts\/5429","targetHints":{"allow":["GET"]}}],"collection":[{"href":"https:\/\/lavereda.com.mx\/index.php\/wp-json\/wp\/v2\/posts"}],"about":[{"href":"https:\/\/lavereda.com.mx\/index.php\/wp-json\/wp\/v2\/types\/post"}],"author":[{"embeddable":true,"href":"https:\/\/lavereda.com.mx\/index.php\/wp-json\/wp\/v2\/users\/13"}],"replies":[{"embeddable":true,"href":"https:\/\/lavereda.com.mx\/index.php\/wp-json\/wp\/v2\/comments?post=5429"}],"version-history":[{"count":2,"href":"https:\/\/lavereda.com.mx\/index.php\/wp-json\/wp\/v2\/posts\/5429\/revisions"}],"predecessor-version":[{"id":5436,"href":"https:\/\/lavereda.com.mx\/index.php\/wp-json\/wp\/v2\/posts\/5429\/revisions\/5436"}],"wp:featuredmedia":[{"embeddable":true,"href":"https:\/\/lavereda.com.mx\/index.php\/wp-json\/wp\/v2\/media\/5435"}],"wp:attachment":[{"href":"https:\/\/lavereda.com.mx\/index.php\/wp-json\/wp\/v2\/media?parent=5429"}],"wp:term":[{"taxonomy":"category","embeddable":true,"href":"https:\/\/lavereda.com.mx\/index.php\/wp-json\/wp\/v2\/categories?post=5429"},{"taxonomy":"post_tag","embeddable":true,"href":"https:\/\/lavereda.com.mx\/index.php\/wp-json\/wp\/v2\/tags?post=5429"}],"curies":[{"name":"wp","href":"https:\/\/api.w.org\/{rel}","templated":true}]}}