{"id":5425,"date":"2023-09-14T01:23:55","date_gmt":"2023-09-14T01:23:55","guid":{"rendered":"http:\/\/lavereda.com.mx\/?p=5425"},"modified":"2023-09-14T01:23:56","modified_gmt":"2023-09-14T01:23:56","slug":"exhiben-postales-de-las-calles-y-edificios-del-torreon-antiguo","status":"publish","type":"post","link":"https:\/\/lavereda.com.mx\/index.php\/2023\/09\/14\/exhiben-postales-de-las-calles-y-edificios-del-torreon-antiguo\/","title":{"rendered":"Exhiben postales de las calles y edificios del Torre\u00f3n antiguo"},"content":{"rendered":"\n<p>La exposici\u00f3n de postales antiguas: \u00abLos Edificios, Parques y Calles de Torre\u00f3n\u00bb fue inaugurada el pasado martes en el Museo Canal de la Perla, inform\u00f3 el Instituto Municipal de Cultura y Educaci\u00f3n de Torre\u00f3n. La muestra se compone de 60 reproducciones de antiguas postales.<\/p>\n\n\n\n<p>Esta segunda serie de postales fue inaugurada por el director del IMCE, el Arquitecto Antonio M\u00e9ndez Vigat\u00e1, quien se dijo contento de abrir los recintos culturales a este tipo de exposiciones que enriquecen su historia. Resalt\u00f3 las caracter\u00edsticas propias que forman una postal y lo interesante que es ver el pasado de la ciudad a trav\u00e9s de ellas.<\/p>\n\n\n\n<p>\u201cEstas postales fueron tomadas en su mayor\u00eda por empresas que no eran de Torre\u00f3n, que b\u00e1sicamente lo que hac\u00edan eran mandar fotograf\u00edas, muchas de estas im\u00e1genes no se consiguen aqu\u00ed en Torre\u00f3n porque quien las compraba las compraba para enviarlas a otro lado para decir aqu\u00ed estoy. Es parte de la historia, narran lo que sucedi\u00f3, dan im\u00e1genes de todo lo que pasaba y desde luego de much\u00edsimas actividades\u201d.<\/p>\n\n\n\n<p>Por el recorrido de esta exposici\u00f3n se podr\u00e1 observar la transici\u00f3n de rancho a villa y de villa a ciudad, los cambios en la arquitectura neocl\u00e1sica al <em>art deco<\/em>, chalets. Asimismo, la modernidad por el paso del ferrocarril a vapor, el primer tranv\u00eda el\u00e9ctrico, la llegada del autom\u00f3vil con los primeros viajes de M\u00e9xico a Nueva York por Francisco Sarabia, el primer estadio de beisbol con electricidad y los primeros negocios que impactaron en gran medida a nivel econ\u00f3mico.&nbsp;<\/p>\n\n\n\n<p>Se inform\u00f3 que la primera serie de postales \u201cTorre\u00f3n y la vida cotidiana\u201d se encuentra en el mismo recinto, el cual, abre sus puertas de martes a s\u00e1bado de 10:00 a 17:00 horas y el acceso es libre para todo el p\u00fablico.<\/p>\n\n\n\n<figure class=\"wp-block-image size-full is-resized\"><img fetchpriority=\"high\" decoding=\"async\" src=\"https:\/\/lavereda.com.mx\/wp-content\/uploads\/2023\/09\/WhatsApp-Image-2023-09-13-at-12.01.07-1.jpg\" alt=\"\" class=\"wp-image-5426\" width=\"636\" height=\"477\" srcset=\"https:\/\/lavereda.com.mx\/wp-content\/uploads\/2023\/09\/WhatsApp-Image-2023-09-13-at-12.01.07-1.jpg 1000w, https:\/\/lavereda.com.mx\/wp-content\/uploads\/2023\/09\/WhatsApp-Image-2023-09-13-at-12.01.07-1-300x225.jpg 300w, https:\/\/lavereda.com.mx\/wp-content\/uploads\/2023\/09\/WhatsApp-Image-2023-09-13-at-12.01.07-1-768x576.jpg 768w\" sizes=\"(max-width: 636px) 100vw, 636px\" \/><\/figure>\n","protected":false},"excerpt":{"rendered":"<p>La exposici\u00f3n de postales antiguas: \u00abLos Edificios, Parques y Calles de Torre\u00f3n\u00bb fue inaugurada el pasado martes en el Museo Canal de la Perla, inform\u00f3 el Instituto Municipal de Cultura &hellip; <a href=\"https:\/\/lavereda.com.mx\/index.php\/2023\/09\/14\/exhiben-postales-de-las-calles-y-edificios-del-torreon-antiguo\/\" class=\"more-link\">Leer m\u00e1s<\/a><\/p>\n","protected":false},"author":9,"featured_media":5427,"comment_status":"open","ping_status":"open","sticky":false,"template":"","format":"standard","meta":{"footnotes":""},"categories":[3,18],"tags":[],"class_list":["post-5425","post","type-post","status-publish","format-standard","has-post-thumbnail","hentry","category-artes-visuales","category-lomasrelevante","entry"],"_links":{"self":[{"href":"https:\/\/lavereda.com.mx\/index.php\/wp-json\/wp\/v2\/posts\/5425","targetHints":{"allow":["GET"]}}],"collection":[{"href":"https:\/\/lavereda.com.mx\/index.php\/wp-json\/wp\/v2\/posts"}],"about":[{"href":"https:\/\/lavereda.com.mx\/index.php\/wp-json\/wp\/v2\/types\/post"}],"author":[{"embeddable":true,"href":"https:\/\/lavereda.com.mx\/index.php\/wp-json\/wp\/v2\/users\/9"}],"replies":[{"embeddable":true,"href":"https:\/\/lavereda.com.mx\/index.php\/wp-json\/wp\/v2\/comments?post=5425"}],"version-history":[{"count":1,"href":"https:\/\/lavereda.com.mx\/index.php\/wp-json\/wp\/v2\/posts\/5425\/revisions"}],"predecessor-version":[{"id":5428,"href":"https:\/\/lavereda.com.mx\/index.php\/wp-json\/wp\/v2\/posts\/5425\/revisions\/5428"}],"wp:featuredmedia":[{"embeddable":true,"href":"https:\/\/lavereda.com.mx\/index.php\/wp-json\/wp\/v2\/media\/5427"}],"wp:attachment":[{"href":"https:\/\/lavereda.com.mx\/index.php\/wp-json\/wp\/v2\/media?parent=5425"}],"wp:term":[{"taxonomy":"category","embeddable":true,"href":"https:\/\/lavereda.com.mx\/index.php\/wp-json\/wp\/v2\/categories?post=5425"},{"taxonomy":"post_tag","embeddable":true,"href":"https:\/\/lavereda.com.mx\/index.php\/wp-json\/wp\/v2\/tags?post=5425"}],"curies":[{"name":"wp","href":"https:\/\/api.w.org\/{rel}","templated":true}]}}