{"id":5421,"date":"2023-09-10T00:52:31","date_gmt":"2023-09-10T00:52:31","guid":{"rendered":"http:\/\/lavereda.com.mx\/?p=5421"},"modified":"2023-09-10T00:52:33","modified_gmt":"2023-09-10T00:52:33","slug":"ellas-hablan","status":"publish","type":"post","link":"https:\/\/lavereda.com.mx\/index.php\/2023\/09\/10\/ellas-hablan\/","title":{"rendered":"Ellas hablan"},"content":{"rendered":"\n<p><strong>Women talking, 2022<\/strong><\/p>\n\n\n\n<p><strong>Amazon Prime Video<\/strong><\/p>\n\n\n\n<p>La directora Sarah Polley se luce al presentar este drama extremo, en una comunidad religiosa, donde las mujeres son v\u00edctima de violaci\u00f3n sistem\u00e1tica desde muy temprana edad, de manera brutal y delictiva, sin que nadie denuncie a los perpetradores, que son los mismos hombres del pueblo, junto a sus hijos.<\/p>\n\n\n\n<p>Es angustiante la situaci\u00f3n que enfrentan estas mujeres en una carrera contra el reloj, pues durante la noche tienen qu\u00e9 decidir, si se quedan y pelean para que se les respete, o determina irse, para buscar un futuro mejor. Lo que se busca es que las ni\u00f1as no pasen por el calvario que ellas recorrieron, debido a su incapacidad para resistirse.<\/p>\n\n\n\n<p>Mientras ellos est\u00e1n fuera de la colonia, para responder a las acusaciones de abusos, tres generaciones de mujeres reflexionan reunidas en un granero, sobre lo que ha sido su vida aceptando esas condiciones denigrantes e insufribles.<\/p>\n\n\n\n<p>Est\u00e1 basada en un caso de la vida real, que ocurri\u00f3 en Bolivia.<\/p>\n\n\n\n<p>Impactante.<\/p>\n\n\n\n<p>(NC-17. No apto para menores de 18)<\/p>\n\n\n\n<p>@LucianoCamposG<\/p>\n\n\n\n<figure class=\"wp-block-embed is-type-video is-provider-youtube wp-block-embed-youtube wp-embed-aspect-16-9 wp-has-aspect-ratio\"><div class=\"wp-block-embed__wrapper\">\n<iframe title=\"Women Talking (2022) - Tr\u00e1iler Subtitulado en Espa\u00f1ol\" width=\"1170\" height=\"658\" src=\"https:\/\/www.youtube.com\/embed\/pvAJAnKHC1k?feature=oembed\" frameborder=\"0\" allow=\"accelerometer; autoplay; clipboard-write; encrypted-media; gyroscope; picture-in-picture; web-share\" allowfullscreen><\/iframe>\n<\/div><\/figure>\n","protected":false},"excerpt":{"rendered":"<p>Women talking, 2022 Amazon Prime Video La directora Sarah Polley se luce al presentar este drama extremo, en una comunidad religiosa, donde las mujeres son v\u00edctima de violaci\u00f3n sistem\u00e1tica desde &hellip; <a href=\"https:\/\/lavereda.com.mx\/index.php\/2023\/09\/10\/ellas-hablan\/\" class=\"more-link\">Leer m\u00e1s<\/a><\/p>\n","protected":false},"author":3,"featured_media":5422,"comment_status":"open","ping_status":"open","sticky":false,"template":"","format":"standard","meta":{"footnotes":""},"categories":[6],"tags":[],"class_list":["post-5421","post","type-post","status-publish","format-standard","has-post-thumbnail","hentry","category-cinetv","entry"],"_links":{"self":[{"href":"https:\/\/lavereda.com.mx\/index.php\/wp-json\/wp\/v2\/posts\/5421","targetHints":{"allow":["GET"]}}],"collection":[{"href":"https:\/\/lavereda.com.mx\/index.php\/wp-json\/wp\/v2\/posts"}],"about":[{"href":"https:\/\/lavereda.com.mx\/index.php\/wp-json\/wp\/v2\/types\/post"}],"author":[{"embeddable":true,"href":"https:\/\/lavereda.com.mx\/index.php\/wp-json\/wp\/v2\/users\/3"}],"replies":[{"embeddable":true,"href":"https:\/\/lavereda.com.mx\/index.php\/wp-json\/wp\/v2\/comments?post=5421"}],"version-history":[{"count":1,"href":"https:\/\/lavereda.com.mx\/index.php\/wp-json\/wp\/v2\/posts\/5421\/revisions"}],"predecessor-version":[{"id":5423,"href":"https:\/\/lavereda.com.mx\/index.php\/wp-json\/wp\/v2\/posts\/5421\/revisions\/5423"}],"wp:featuredmedia":[{"embeddable":true,"href":"https:\/\/lavereda.com.mx\/index.php\/wp-json\/wp\/v2\/media\/5422"}],"wp:attachment":[{"href":"https:\/\/lavereda.com.mx\/index.php\/wp-json\/wp\/v2\/media?parent=5421"}],"wp:term":[{"taxonomy":"category","embeddable":true,"href":"https:\/\/lavereda.com.mx\/index.php\/wp-json\/wp\/v2\/categories?post=5421"},{"taxonomy":"post_tag","embeddable":true,"href":"https:\/\/lavereda.com.mx\/index.php\/wp-json\/wp\/v2\/tags?post=5421"}],"curies":[{"name":"wp","href":"https:\/\/api.w.org\/{rel}","templated":true}]}}