{"id":5409,"date":"2023-09-04T18:54:09","date_gmt":"2023-09-04T18:54:09","guid":{"rendered":"http:\/\/lavereda.com.mx\/?p=5409"},"modified":"2023-09-04T18:54:10","modified_gmt":"2023-09-04T18:54:10","slug":"despediran-al-cantautor-y-musico-armando-martinez-cuty","status":"publish","type":"post","link":"https:\/\/lavereda.com.mx\/index.php\/2023\/09\/04\/despediran-al-cantautor-y-musico-armando-martinez-cuty\/","title":{"rendered":"Despedir\u00e1n al cantautor y m\u00fasico Armando Mart\u00ednez \u00abCuty\u00bb"},"content":{"rendered":"\n<p>Maestro de muchas generaciones de cantantes, m\u00fasicos, formador de un movimiento musical en la Laguna y defensor de los derechos de las y los artistas. As\u00ed fue Armando Mart\u00ednez \u201cCuty\u201d, quien ayer 3 de septiembre se despidi\u00f3 de este mundo<em>.<\/em><\/p>\n\n\n\n<p>Este d\u00eda, quienes lo conocimos a fondo, recordamos que \u00e9l siempre levant\u00f3 la voz por las injusticias sociales y la falta de apoyo en el arte y en la cultura. Form\u00f3 una escuela de m\u00fasica en Torre\u00f3n, fue compositor, guitarrista, pero sobre todo un buen amigo y compa\u00f1ero de quienes han formado parte de la historia cultural en La Laguna.<\/p>\n\n\n\n<p>A Cuty le sobreviven sus dos hijos Francisco y Eugenio, su gran compa\u00f1era de vida, la actriz y dramaturga Martha. Su hijo Armando, gran tenor y m\u00fasico, se adelant\u00f3 a la familia un par de a\u00f1os atr\u00e1s.<\/p>\n\n\n\n<p>La tarde del domingo fue triste por esta despedida, pero los recuerdos de sus letras, sus pl\u00e1ticas y su m\u00fasica vivir\u00e1n en la memoria de quienes compartimos con \u00e9l y su familia, las tardes y noches de bohemia.<\/p>\n\n\n\n<p>El d\u00eda de hoy, Cuty es despedido por todos sus allegados en Garc\u00eda Carrillo 259 Sur, donde se celebrar\u00e1 una misa a las 18:00 horas<em>.<\/em><\/p>\n\n\n\n<p>Aqu\u00ed recordamos un poco acerca de su gran legado:<\/p>\n\n\n\n<p>Armando Mart\u00ednez Morales fue cantautor y compositor. Inici\u00f3 su trabajo como compositor desde el a\u00f1o de 1977. Cre\u00f3 un sinn\u00famero de canciones, as\u00ed como tambi\u00e9n m\u00fasica para teatro, danza y documentales.&nbsp;<\/p>\n\n\n\n<p>Fue fundador, director y maestro de la Carrera T\u00e9cnica en M\u00fasica del Centro de Educaci\u00f3n Musical, A.C.&nbsp;&nbsp;Colabor\u00f3 con el Instituto Municipal de Cultura y Educaci\u00f3n de Torre\u00f3n con su proyecto Orquesta de Guitarras. Sus discos m\u00e1s recientes fueron \u201cVientos del norte\u201d y \u201cMemorias de libertad\u201d.<\/p>\n\n\n\n<p>En Paz descanse, nuestro querido amigo.<\/p>\n","protected":false},"excerpt":{"rendered":"<p>Maestro de muchas generaciones de cantantes, m\u00fasicos, formador de un movimiento musical en la Laguna y defensor de los derechos de las y los artistas. As\u00ed fue Armando Mart\u00ednez \u201cCuty\u201d, &hellip; <a href=\"https:\/\/lavereda.com.mx\/index.php\/2023\/09\/04\/despediran-al-cantautor-y-musico-armando-martinez-cuty\/\" class=\"more-link\">Leer m\u00e1s<\/a><\/p>\n","protected":false},"author":9,"featured_media":5410,"comment_status":"open","ping_status":"open","sticky":false,"template":"","format":"standard","meta":{"footnotes":""},"categories":[18,4],"tags":[],"class_list":["post-5409","post","type-post","status-publish","format-standard","has-post-thumbnail","hentry","category-lomasrelevante","category-musica","entry"],"_links":{"self":[{"href":"https:\/\/lavereda.com.mx\/index.php\/wp-json\/wp\/v2\/posts\/5409","targetHints":{"allow":["GET"]}}],"collection":[{"href":"https:\/\/lavereda.com.mx\/index.php\/wp-json\/wp\/v2\/posts"}],"about":[{"href":"https:\/\/lavereda.com.mx\/index.php\/wp-json\/wp\/v2\/types\/post"}],"author":[{"embeddable":true,"href":"https:\/\/lavereda.com.mx\/index.php\/wp-json\/wp\/v2\/users\/9"}],"replies":[{"embeddable":true,"href":"https:\/\/lavereda.com.mx\/index.php\/wp-json\/wp\/v2\/comments?post=5409"}],"version-history":[{"count":1,"href":"https:\/\/lavereda.com.mx\/index.php\/wp-json\/wp\/v2\/posts\/5409\/revisions"}],"predecessor-version":[{"id":5411,"href":"https:\/\/lavereda.com.mx\/index.php\/wp-json\/wp\/v2\/posts\/5409\/revisions\/5411"}],"wp:featuredmedia":[{"embeddable":true,"href":"https:\/\/lavereda.com.mx\/index.php\/wp-json\/wp\/v2\/media\/5410"}],"wp:attachment":[{"href":"https:\/\/lavereda.com.mx\/index.php\/wp-json\/wp\/v2\/media?parent=5409"}],"wp:term":[{"taxonomy":"category","embeddable":true,"href":"https:\/\/lavereda.com.mx\/index.php\/wp-json\/wp\/v2\/categories?post=5409"},{"taxonomy":"post_tag","embeddable":true,"href":"https:\/\/lavereda.com.mx\/index.php\/wp-json\/wp\/v2\/tags?post=5409"}],"curies":[{"name":"wp","href":"https:\/\/api.w.org\/{rel}","templated":true}]}}