{"id":5395,"date":"2023-08-30T18:40:51","date_gmt":"2023-08-30T18:40:51","guid":{"rendered":"http:\/\/lavereda.com.mx\/?p=5395"},"modified":"2023-08-30T18:40:52","modified_gmt":"2023-08-30T18:40:52","slug":"organizan-concierto-en-apoyo-al-musico-armando-martinez-cuty","status":"publish","type":"post","link":"https:\/\/lavereda.com.mx\/index.php\/2023\/08\/30\/organizan-concierto-en-apoyo-al-musico-armando-martinez-cuty\/","title":{"rendered":"Organizan concierto en apoyo al m\u00fasico Armando Mart\u00ednez \u00abCuty\u00bb"},"content":{"rendered":"\n<p>\u00abTodos con Cuty\u00bb es el t\u00edtulo del concierto que distintos creadores est\u00e1n organizando en favor del cantautor lagunero Armando Mart\u00ednez \u00abCuty\u00bb, el jueves 7 de septiembre a las 19:00 horas en el  Teatro Nazas. Los fondos recaudados se destinar\u00e1n a los gastos por la salud del m\u00fasico, informaron los organizadores.<br>Para obtener informes sobre el costo de boletos, apoyos o donaciones se dispuso el WhatsApp 5568051012.<\/p>\n\n\n\n<p>\u00abCuty\u00bb Mart\u00ednez, es un m\u00fasico ampliamente reconocido en la Comarca Lagunera, int\u00e9rprete de trova y otros g\u00e9neros, compositor y maestro de m\u00fasica de distintas generaciones de m\u00fasicos en la regi\u00f3n.<\/p>\n\n\n\n<p>La carrera del cantautor lagunero cuenta con m\u00e1s de 35 a\u00f1os de trayectoria. Inici\u00f3 su trabajo como compositor desde el a\u00f1o de 1977, aportando m\u00fasica para teatro, danza y documentales.<br>Entre sus trabajos discogr\u00e1ficos m\u00e1s recientes se encuentran Memorias de libertad y Vientos del norte con el sello caracter\u00edstico de sus piezas, que contienen un relato que retrata realidades complicadas del cotidiano lagunero.<\/p>\n\n\n\n<p>Las y los artistas participantes en este concierto son: Marco Aurelio Gutierrez Mares, Carlos Castillo, Victor Cruz, Diana Rios, Luisa Gonzalez Alvarado, Canto Nuestro, Francisco Martinez, entre otros.<\/p>\n\n\n\n<p><br><\/p>\n","protected":false},"excerpt":{"rendered":"<p>\u00abTodos con Cuty\u00bb es el t\u00edtulo del concierto que distintos creadores est\u00e1n organizando en favor del cantautor lagunero Armando Mart\u00ednez \u00abCuty\u00bb, el jueves 7 de septiembre a las 19:00 horas &hellip; <a href=\"https:\/\/lavereda.com.mx\/index.php\/2023\/08\/30\/organizan-concierto-en-apoyo-al-musico-armando-martinez-cuty\/\" class=\"more-link\">Leer m\u00e1s<\/a><\/p>\n","protected":false},"author":9,"featured_media":5398,"comment_status":"open","ping_status":"open","sticky":false,"template":"","format":"standard","meta":{"footnotes":""},"categories":[18,4],"tags":[],"class_list":["post-5395","post","type-post","status-publish","format-standard","has-post-thumbnail","hentry","category-lomasrelevante","category-musica","entry"],"_links":{"self":[{"href":"https:\/\/lavereda.com.mx\/index.php\/wp-json\/wp\/v2\/posts\/5395","targetHints":{"allow":["GET"]}}],"collection":[{"href":"https:\/\/lavereda.com.mx\/index.php\/wp-json\/wp\/v2\/posts"}],"about":[{"href":"https:\/\/lavereda.com.mx\/index.php\/wp-json\/wp\/v2\/types\/post"}],"author":[{"embeddable":true,"href":"https:\/\/lavereda.com.mx\/index.php\/wp-json\/wp\/v2\/users\/9"}],"replies":[{"embeddable":true,"href":"https:\/\/lavereda.com.mx\/index.php\/wp-json\/wp\/v2\/comments?post=5395"}],"version-history":[{"count":3,"href":"https:\/\/lavereda.com.mx\/index.php\/wp-json\/wp\/v2\/posts\/5395\/revisions"}],"predecessor-version":[{"id":5399,"href":"https:\/\/lavereda.com.mx\/index.php\/wp-json\/wp\/v2\/posts\/5395\/revisions\/5399"}],"wp:featuredmedia":[{"embeddable":true,"href":"https:\/\/lavereda.com.mx\/index.php\/wp-json\/wp\/v2\/media\/5398"}],"wp:attachment":[{"href":"https:\/\/lavereda.com.mx\/index.php\/wp-json\/wp\/v2\/media?parent=5395"}],"wp:term":[{"taxonomy":"category","embeddable":true,"href":"https:\/\/lavereda.com.mx\/index.php\/wp-json\/wp\/v2\/categories?post=5395"},{"taxonomy":"post_tag","embeddable":true,"href":"https:\/\/lavereda.com.mx\/index.php\/wp-json\/wp\/v2\/tags?post=5395"}],"curies":[{"name":"wp","href":"https:\/\/api.w.org\/{rel}","templated":true}]}}